{"events":[{"id":6425,"global_id":"programme.yiddish.paris?id=6425","global_id_lineage":["programme.yiddish.paris?id=6425"],"author":"5","status":"publish","date":"2025-10-03 21:47:20","date_utc":"2025-10-03 19:47:20","modified":"2026-04-16 13:23:24","modified_utc":"2026-04-16 11:23:24","url":"https:\/\/programme.yiddish.paris\/?tribe_events=projection-felix-et-meira-maxime-giroux-2014-canada-105-mins-en-yiddish-hebreu-francais-et-anglais-sous-titres-francais","rest_url":"https:\/\/programme.yiddish.paris\/index.php?rest_route=\/tribe\/events\/v1\/events\/6425","title":"Projection : Felix et Meira (en yiddish, h\u00e9breu, fran\u00e7ais et anglais, sous-titres fran\u00e7ais)","description":"<p class=\"tribe-events-single-event-title\"><em>Felix et Meira<\/em> (Maxime Giroux, 2014, Canada, 105 min, en yiddish, h\u00e9breu, fran\u00e7ais et anglais, sous-titres fran\u00e7ais)<\/p>\n<p><span style=\"color: #ff0000;\"><strong>Jeudi 7 mai 2026, 19h30-21h00<\/strong><\/span><\/p>\n<p>Tout oppose F\u00e9lix et Meira. Lui m\u00e8ne une vie sans responsabilit\u00e9 ni attache. Son seul souci : dilapider l&rsquo;h\u00e9ritage familial. Elle est une jeune femme juive hassidique, mari\u00e9e et m\u00e8re d\u2019un enfant, s\u2019ennuyant dans sa communaut\u00e9. Rien ne les destinait \u00e0 se rencontrer, encore moins \u00e0 tomber amoureux.<\/p>\n<p>Pr\u00e9sentation par <strong>R\u00e9gine Nebel<\/strong><\/p>\n<p><em><span style=\"color: #ff0000;\"><strong>Tarif : 15 \u20ac. Adh\u00e9rents : 10 \u20ac*.<br \/>\n<\/strong><\/span><\/em><em><strong>Moins de 30 ans <\/strong>? B\u00e9n\u00e9ficiez d&rsquo;un <strong>tarif jeunes <\/strong>(7 \u20ac non-adh\u00e9rents, 5 \u20ac adh\u00e9rents), disponible uniquement <strong>en caisse<\/strong> le jour de l&rsquo;\u00e9v\u00e9nement.<br \/>\n<a href=\"https:\/\/www.helloasso.com\/associations\/maison-de-la-culture-yiddish-bibliotheque-medem\/adhesions\/adhesion-en-ligne-a-la-maison-de-la-culture-yiddish-2021-2022\">*<\/a><a href=\"http:\/\/adhesion.yiddish.paris\/\">Adh\u00e9rez \u00e0 la Maison de la culture yiddish pour la saison 2025-2026<\/a>\u00a0et d\u00e9couvrez\u00a0<strong>le code promotionnel<\/strong>\u00a0qui vous donnera acc\u00e8s au\u00a0<strong>tarif r\u00e9duit<\/strong>\u00a0sur vos r\u00e9servations.<\/em><\/p>\n<p><a href=\"https:\/\/www.helloasso.com\/associations\/maison-de-la-culture-yiddish-bibliotheque-medem\/evenements\/mcy-activites-mai-2026\"><strong><span style=\"color: #ff0000;\">Cliquez ici<\/span><\/strong><\/a>\u00a0pour r\u00e9server (r\u00e9servation obligatoire).<\/p>\n<p><strong>Attention : <\/strong>au moment du r\u00e8glement, la plateforme Helloasso vous proposera d\u2019ajouter une contribution \u00e0 son fonctionnement. Celle-ci est optionnelle, et vous pouvez changer son montant ou bien l\u2019annuler en appuyant sur le bouton <strong>\u00ab Modifier \u00bb<\/strong>.<\/p>\n<p>Pour voir le <strong>programme complet de la saison<\/strong>, <span style=\"color: #0000ff;\"><a style=\"color: #0000ff;\" href=\"https:\/\/programme.yiddish.paris\/?page_id=6523\">cliquez ici<\/a>.<\/span><\/p>\n<p>Avec le soutien de la Fondation pour la M\u00e9moire de la Shoah<\/p>\n<p><img loading=\"lazy\" decoding=\"async\" class=\"alignnone size-full wp-image-6914\" src=\"https:\/\/programme.yiddish.paris\/wp-content\/uploads\/2025\/10\/Capture-decran-2026-01-12-175728.png\" alt=\"\" width=\"129\" height=\"129\" srcset=\"https:\/\/programme.yiddish.paris\/wp-content\/uploads\/2025\/10\/Capture-decran-2026-01-12-175728.png 129w, https:\/\/programme.yiddish.paris\/wp-content\/uploads\/2025\/10\/Capture-decran-2026-01-12-175728-100x100.png 100w, https:\/\/programme.yiddish.paris\/wp-content\/uploads\/2025\/10\/Capture-decran-2026-01-12-175728-24x24.png 24w, https:\/\/programme.yiddish.paris\/wp-content\/uploads\/2025\/10\/Capture-decran-2026-01-12-175728-28x28.png 28w, https:\/\/programme.yiddish.paris\/wp-content\/uploads\/2025\/10\/Capture-decran-2026-01-12-175728-32x32.png 32w\" sizes=\"auto, (max-width: 129px) 100vw, 129px\" \/><\/p>","excerpt":"","slug":"projection-felix-et-meira-maxime-giroux-2014-canada-105-mins-en-yiddish-hebreu-francais-et-anglais-sous-titres-francais","image":{"url":"https:\/\/programme.yiddish.paris\/wp-content\/uploads\/2025\/10\/IMG_0242.png","id":6426,"extension":"png","width":1142,"height":811,"filesize":111467,"sizes":{"medium":{"width":300,"height":213,"mime-type":"image\/png","filesize":15295,"url":"https:\/\/programme.yiddish.paris\/wp-content\/uploads\/2025\/10\/IMG_0242-300x213.png"},"large":{"width":1024,"height":727,"mime-type":"image\/png","filesize":91456,"url":"https:\/\/programme.yiddish.paris\/wp-content\/uploads\/2025\/10\/IMG_0242-1024x727.png"},"thumbnail":{"width":150,"height":150,"mime-type":"image\/png","filesize":7241,"url":"https:\/\/programme.yiddish.paris\/wp-content\/uploads\/2025\/10\/IMG_0242-150x150.png"},"medium_large":{"width":768,"height":545,"mime-type":"image\/png","filesize":59888,"url":"https:\/\/programme.yiddish.paris\/wp-content\/uploads\/2025\/10\/IMG_0242-768x545.png"},"twentyseventeen-thumbnail-avatar":{"width":100,"height":100,"mime-type":"image\/png","filesize":4339,"url":"https:\/\/programme.yiddish.paris\/wp-content\/uploads\/2025\/10\/IMG_0242-100x100.png"},"menu-24x24":{"width":24,"height":17,"mime-type":"image\/png","filesize":950,"url":"https:\/\/programme.yiddish.paris\/wp-content\/uploads\/2025\/10\/IMG_0242-24x17.png"},"menu-28x28":{"width":28,"height":20,"mime-type":"image\/png","filesize":1071,"url":"https:\/\/programme.yiddish.paris\/wp-content\/uploads\/2025\/10\/IMG_0242-28x20.png"},"menu-32x32":{"width":32,"height":23,"mime-type":"image\/png","filesize":1287,"url":"https:\/\/programme.yiddish.paris\/wp-content\/uploads\/2025\/10\/IMG_0242-32x23.png"}}},"all_day":false,"start_date":"2026-05-07 19:30:00","start_date_details":{"year":"2026","month":"05","day":"07","hour":"19","minutes":"30","seconds":"00"},"end_date":"2026-05-07 21:00:00","end_date_details":{"year":"2026","month":"05","day":"07","hour":"21","minutes":"00","seconds":"00"},"utc_start_date":"2026-05-07 17:30:00","utc_start_date_details":{"year":"2026","month":"05","day":"07","hour":"17","minutes":"30","seconds":"00"},"utc_end_date":"2026-05-07 19:00:00","utc_end_date_details":{"year":"2026","month":"05","day":"07","hour":"19","minutes":"00","seconds":"00"},"timezone":"Europe\/Paris","timezone_abbr":"CEST","cost":"","cost_details":{"currency_symbol":"\u20ac","currency_code":"USD","currency_position":"prefix","values":[]},"website":"","show_map":true,"show_map_link":true,"hide_from_listings":false,"sticky":false,"featured":false,"categories":[{"name":"projection","slug":"projection","term_group":0,"term_taxonomy_id":72,"taxonomy":"tribe_events_cat","description":"","parent":0,"count":11,"filter":"raw","id":72,"urls":{"self":"https:\/\/programme.yiddish.paris\/index.php?rest_route=\/tribe\/events\/v1\/categories\/72","collection":"https:\/\/programme.yiddish.paris\/index.php?rest_route=\/tribe\/events\/v1\/categories"}},{"name":"Saison cinema","slug":"saison-cinema","term_group":0,"term_taxonomy_id":85,"taxonomy":"tribe_events_cat","description":"","parent":0,"count":22,"filter":"raw","id":85,"urls":{"self":"https:\/\/programme.yiddish.paris\/index.php?rest_route=\/tribe\/events\/v1\/categories\/85","collection":"https:\/\/programme.yiddish.paris\/index.php?rest_route=\/tribe\/events\/v1\/categories"}}],"tags":[],"venue":[],"organizer":[],"custom_fields":[]},{"id":6428,"global_id":"programme.yiddish.paris?id=6428","global_id_lineage":["programme.yiddish.paris?id=6428"],"author":"5","status":"publish","date":"2025-10-03 21:50:01","date_utc":"2025-10-03 19:50:01","modified":"2026-04-28 16:11:39","modified_utc":"2026-04-28 14:11:39","url":"https:\/\/programme.yiddish.paris\/?tribe_events=rencontre-quand-le-rebbe-va-au-cinema","rest_url":"https:\/\/programme.yiddish.paris\/index.php?rest_route=\/tribe\/events\/v1\/events\/6428","title":"Rencontre : Quand le Rebbe va au cin\u00e9ma","description":"<p>Par <strong>Macha Fogel<\/strong> et <strong>Ophir Levy<\/strong> (\u00c9tudes cin\u00e9matographiques, Universit\u00e9 Paris 8).<br \/>\nDes s\u00e9ries isra\u00e9liennes aux productions am\u00e9ricaines, les hassidim fascinent. Leur apparence, leurs codes et leur langue \u2013 le yiddish \u2013 sont devenus un motif r\u00e9current. Macha Fogel et Ophir Levy analyseront ce ph\u00e9nom\u00e8ne<\/p>\n<p><em><br \/>\n<strong><span style=\"color: #ff0000;\">Tarif : 12 \u20ac. Adh\u00e9rents : 7 \u20ac*.<br \/>\n<span style=\"color: #000000;\">Moins de 30 ans\u00a0? <\/span><\/span><\/strong><span style=\"color: #ff0000;\"><span style=\"color: #000000;\">B\u00e9n\u00e9ficiez d\u2019un\u00a0<strong>tarif jeunes<\/strong>\u00a0(5 \u20ac), disponible uniquement <strong>en caisse<\/strong> le jour de l\u2019\u00e9v\u00e9nement.<\/span><\/span><br \/>\n<a href=\"https:\/\/www.helloasso.com\/associations\/maison-de-la-culture-yiddish-bibliotheque-medem\/adhesions\/adhesion-en-ligne-a-la-maison-de-la-culture-yiddish-2021-2022\">*<\/a><a href=\"http:\/\/adhesion.yiddish.paris\/\">Adh\u00e9rez \u00e0 la Maison de la culture yiddish pour la saison 2025-2026<\/a>\u00a0et d\u00e9couvrez\u00a0<strong>le code promotionnel<\/strong>\u00a0qui vous donnera acc\u00e8s au\u00a0<strong>tarif r\u00e9duit<\/strong>\u00a0sur vos r\u00e9servations.<\/em><\/p>\n<p><span style=\"color: #ff0000;\"><a style=\"color: #ff0000;\" href=\"https:\/\/www.helloasso.com\/associations\/maison-de-la-culture-yiddish-bibliotheque-medem\/evenements\/mcy-activites-mai-2026\"><strong>Cliquez ici<\/strong><\/a><\/span>\u00a0pour r\u00e9server (r\u00e9servation obligatoire).<\/p>\n<p><strong>Attention : <\/strong>au moment du r\u00e8glement, la plateforme Helloasso vous proposera d\u2019ajouter une contribution \u00e0 son fonctionnement. Celle-ci est optionnelle, et vous pouvez changer son montant ou bien l\u2019annuler en appuyant sur le bouton <strong>\u00ab Modifier \u00bb<\/strong>.<\/p>\n<p>Pour voir le <strong>programme complet de la saison<\/strong>, <span style=\"color: #0000ff;\"><a style=\"color: #0000ff;\" href=\"https:\/\/programme.yiddish.paris\/?page_id=6523\">cliquez ici<\/a>.<\/span><\/p>\n<p>Avec le soutien de la Fondation pour la M\u00e9moire de la Shoah<\/p>\n<p><img loading=\"lazy\" decoding=\"async\" class=\"alignnone size-full wp-image-6914\" src=\"https:\/\/programme.yiddish.paris\/wp-content\/uploads\/2025\/10\/Capture-decran-2026-01-12-175728.png\" alt=\"\" width=\"129\" height=\"129\" srcset=\"https:\/\/programme.yiddish.paris\/wp-content\/uploads\/2025\/10\/Capture-decran-2026-01-12-175728.png 129w, https:\/\/programme.yiddish.paris\/wp-content\/uploads\/2025\/10\/Capture-decran-2026-01-12-175728-100x100.png 100w, https:\/\/programme.yiddish.paris\/wp-content\/uploads\/2025\/10\/Capture-decran-2026-01-12-175728-24x24.png 24w, https:\/\/programme.yiddish.paris\/wp-content\/uploads\/2025\/10\/Capture-decran-2026-01-12-175728-28x28.png 28w, https:\/\/programme.yiddish.paris\/wp-content\/uploads\/2025\/10\/Capture-decran-2026-01-12-175728-32x32.png 32w\" sizes=\"auto, (max-width: 129px) 100vw, 129px\" \/><\/p>","excerpt":"","slug":"rencontre-quand-le-rebbe-va-au-cinema","image":{"url":"https:\/\/programme.yiddish.paris\/wp-content\/uploads\/2025\/10\/IMG_0242.png","id":6426,"extension":"png","width":1142,"height":811,"filesize":111467,"sizes":{"medium":{"width":300,"height":213,"mime-type":"image\/png","filesize":15295,"url":"https:\/\/programme.yiddish.paris\/wp-content\/uploads\/2025\/10\/IMG_0242-300x213.png"},"large":{"width":1024,"height":727,"mime-type":"image\/png","filesize":91456,"url":"https:\/\/programme.yiddish.paris\/wp-content\/uploads\/2025\/10\/IMG_0242-1024x727.png"},"thumbnail":{"width":150,"height":150,"mime-type":"image\/png","filesize":7241,"url":"https:\/\/programme.yiddish.paris\/wp-content\/uploads\/2025\/10\/IMG_0242-150x150.png"},"medium_large":{"width":768,"height":545,"mime-type":"image\/png","filesize":59888,"url":"https:\/\/programme.yiddish.paris\/wp-content\/uploads\/2025\/10\/IMG_0242-768x545.png"},"twentyseventeen-thumbnail-avatar":{"width":100,"height":100,"mime-type":"image\/png","filesize":4339,"url":"https:\/\/programme.yiddish.paris\/wp-content\/uploads\/2025\/10\/IMG_0242-100x100.png"},"menu-24x24":{"width":24,"height":17,"mime-type":"image\/png","filesize":950,"url":"https:\/\/programme.yiddish.paris\/wp-content\/uploads\/2025\/10\/IMG_0242-24x17.png"},"menu-28x28":{"width":28,"height":20,"mime-type":"image\/png","filesize":1071,"url":"https:\/\/programme.yiddish.paris\/wp-content\/uploads\/2025\/10\/IMG_0242-28x20.png"},"menu-32x32":{"width":32,"height":23,"mime-type":"image\/png","filesize":1287,"url":"https:\/\/programme.yiddish.paris\/wp-content\/uploads\/2025\/10\/IMG_0242-32x23.png"}}},"all_day":false,"start_date":"2026-05-28 19:30:00","start_date_details":{"year":"2026","month":"05","day":"28","hour":"19","minutes":"30","seconds":"00"},"end_date":"2026-05-28 21:00:00","end_date_details":{"year":"2026","month":"05","day":"28","hour":"21","minutes":"00","seconds":"00"},"utc_start_date":"2026-05-28 17:30:00","utc_start_date_details":{"year":"2026","month":"05","day":"28","hour":"17","minutes":"30","seconds":"00"},"utc_end_date":"2026-05-28 19:00:00","utc_end_date_details":{"year":"2026","month":"05","day":"28","hour":"19","minutes":"00","seconds":"00"},"timezone":"Europe\/Paris","timezone_abbr":"CEST","cost":"","cost_details":{"currency_symbol":"\u20ac","currency_code":"USD","currency_position":"prefix","values":[]},"website":"","show_map":true,"show_map_link":true,"hide_from_listings":false,"sticky":false,"featured":false,"categories":[{"name":"Saison cinema","slug":"saison-cinema","term_group":0,"term_taxonomy_id":85,"taxonomy":"tribe_events_cat","description":"","parent":0,"count":22,"filter":"raw","id":85,"urls":{"self":"https:\/\/programme.yiddish.paris\/index.php?rest_route=\/tribe\/events\/v1\/categories\/85","collection":"https:\/\/programme.yiddish.paris\/index.php?rest_route=\/tribe\/events\/v1\/categories"}}],"tags":[],"venue":[],"organizer":[],"custom_fields":[]},{"id":6435,"global_id":"programme.yiddish.paris?id=6435","global_id_lineage":["programme.yiddish.paris?id=6435"],"author":"5","status":"publish","date":"2025-10-03 22:10:48","date_utc":"2025-10-03 20:10:48","modified":"2026-03-12 11:30:12","modified_utc":"2026-03-12 10:30:12","url":"https:\/\/programme.yiddish.paris\/?tribe_events=a-la-recherche-des-films-yiddish-perdus-conference-artistique-et-interactive","rest_url":"https:\/\/programme.yiddish.paris\/index.php?rest_route=\/tribe\/events\/v1\/events\/6435","title":"\u00c0 la recherche des films yiddish perdus : conf\u00e9rence artistique et interactive &#8211; annul\u00e9","description":"<p><strong><span style=\"color: #ff0000;\">Attention, cet \u00e9v\u00e9nement a \u00e9t\u00e9 annul\u00e9<\/span><\/strong><\/p>\n<p>Avec <strong>Branca Cepelowicz<\/strong>, <strong>Ethel Niborski<\/strong>, <strong>Shahar Fineberg<\/strong>.<\/p>\n<p>La majorit\u00e9 des films tourn\u00e9s avant les ann\u00e9es 1930 ont disparu &#8211; les films yiddish ne sont pas les seuls \u00e0 avoir \u00e9t\u00e9 perdus : \u00e0 l\u2019\u00e9poque, on se souciait peu de conservation. Trois artistes partent sur les traces de ces \u0153uvres \u00e0 partir de pi\u00e8ces d\u2019archives : critiques de la presse yiddish d\u2019\u00e9poque, correspondances, scripts, fragments visuels\u2026 Ils recr\u00e9ent le pass\u00e9 pour le public de la MCY. Une s\u00e9ance interactive hors-norme.<span class=\"Apple-converted-space\">\u00a0<\/span><\/p>\n<p>&nbsp;<\/p>\n<p><em>Tarif : 12 \u20ac. Adh\u00e9rents : 7 \u20ac*.<br \/>\n<a href=\"https:\/\/www.helloasso.com\/associations\/maison-de-la-culture-yiddish-bibliotheque-medem\/adhesions\/adhesion-en-ligne-a-la-maison-de-la-culture-yiddish-2021-2022\">*<\/a><a href=\"http:\/\/adhesion.yiddish.paris\/\">Adh\u00e9rez \u00e0 la Maison de la culture yiddish pour la saison 2025-2026<\/a>\u00a0et d\u00e9couvrez\u00a0<strong>le code promotionnel<\/strong>\u00a0qui vous donnera acc\u00e8s au\u00a0<strong>tarif r\u00e9duit<\/strong>\u00a0sur vos r\u00e9servations.<\/em><\/p>\n<p><b>\u00c9v\u00e9nement sous r\u00e9serve, plus d\u2019informations bient\u00f4t<\/b><\/p>\n<p><strong>Attention : au moment du r\u00e8glement, la plateforme Helloasso vous proposera d\u2019ajouter une contribution \u00e0 son fonctionnement. Celle-ci est optionnelle, et vous pouvez changer son montant ou bien l\u2019annuler en appuyant sur le bouton \u00ab Modifier \u00bb.<\/strong><\/p>\n<p>Pour voir le\u00a0<strong>programme complet de la saison<\/strong>,\u00a0<span style=\"color: #0000ff;\"><a style=\"color: #0000ff;\" href=\"https:\/\/programme.yiddish.paris\/?page_id=6523\">cliquez ici<\/a><\/span>.<\/p>\n<p>Avec le soutien de la Fondation pour la M\u00e9moire de la Shoah<\/p>\n<p><img loading=\"lazy\" decoding=\"async\" class=\"alignnone size-full wp-image-6914\" src=\"https:\/\/programme.yiddish.paris\/wp-content\/uploads\/2025\/10\/Capture-decran-2026-01-12-175728.png\" alt=\"\" width=\"129\" height=\"129\" srcset=\"https:\/\/programme.yiddish.paris\/wp-content\/uploads\/2025\/10\/Capture-decran-2026-01-12-175728.png 129w, https:\/\/programme.yiddish.paris\/wp-content\/uploads\/2025\/10\/Capture-decran-2026-01-12-175728-100x100.png 100w, https:\/\/programme.yiddish.paris\/wp-content\/uploads\/2025\/10\/Capture-decran-2026-01-12-175728-24x24.png 24w, https:\/\/programme.yiddish.paris\/wp-content\/uploads\/2025\/10\/Capture-decran-2026-01-12-175728-28x28.png 28w, https:\/\/programme.yiddish.paris\/wp-content\/uploads\/2025\/10\/Capture-decran-2026-01-12-175728-32x32.png 32w\" sizes=\"auto, (max-width: 129px) 100vw, 129px\" \/><\/p>","excerpt":"","slug":"a-la-recherche-des-films-yiddish-perdus-conference-artistique-et-interactive","image":{"url":"https:\/\/programme.yiddish.paris\/wp-content\/uploads\/2025\/10\/IMG_0242.png","id":6426,"extension":"png","width":1142,"height":811,"filesize":111467,"sizes":{"medium":{"width":300,"height":213,"mime-type":"image\/png","filesize":15295,"url":"https:\/\/programme.yiddish.paris\/wp-content\/uploads\/2025\/10\/IMG_0242-300x213.png"},"large":{"width":1024,"height":727,"mime-type":"image\/png","filesize":91456,"url":"https:\/\/programme.yiddish.paris\/wp-content\/uploads\/2025\/10\/IMG_0242-1024x727.png"},"thumbnail":{"width":150,"height":150,"mime-type":"image\/png","filesize":7241,"url":"https:\/\/programme.yiddish.paris\/wp-content\/uploads\/2025\/10\/IMG_0242-150x150.png"},"medium_large":{"width":768,"height":545,"mime-type":"image\/png","filesize":59888,"url":"https:\/\/programme.yiddish.paris\/wp-content\/uploads\/2025\/10\/IMG_0242-768x545.png"},"twentyseventeen-thumbnail-avatar":{"width":100,"height":100,"mime-type":"image\/png","filesize":4339,"url":"https:\/\/programme.yiddish.paris\/wp-content\/uploads\/2025\/10\/IMG_0242-100x100.png"},"menu-24x24":{"width":24,"height":17,"mime-type":"image\/png","filesize":950,"url":"https:\/\/programme.yiddish.paris\/wp-content\/uploads\/2025\/10\/IMG_0242-24x17.png"},"menu-28x28":{"width":28,"height":20,"mime-type":"image\/png","filesize":1071,"url":"https:\/\/programme.yiddish.paris\/wp-content\/uploads\/2025\/10\/IMG_0242-28x20.png"},"menu-32x32":{"width":32,"height":23,"mime-type":"image\/png","filesize":1287,"url":"https:\/\/programme.yiddish.paris\/wp-content\/uploads\/2025\/10\/IMG_0242-32x23.png"}}},"all_day":false,"start_date":"2026-05-30 14:00:00","start_date_details":{"year":"2026","month":"05","day":"30","hour":"14","minutes":"00","seconds":"00"},"end_date":"2026-05-30 16:30:00","end_date_details":{"year":"2026","month":"05","day":"30","hour":"16","minutes":"30","seconds":"00"},"utc_start_date":"2026-05-30 12:00:00","utc_start_date_details":{"year":"2026","month":"05","day":"30","hour":"12","minutes":"00","seconds":"00"},"utc_end_date":"2026-05-30 14:30:00","utc_end_date_details":{"year":"2026","month":"05","day":"30","hour":"14","minutes":"30","seconds":"00"},"timezone":"Europe\/Paris","timezone_abbr":"CEST","cost":"","cost_details":{"currency_symbol":"\u20ac","currency_code":"USD","currency_position":"prefix","values":[]},"website":"","show_map":true,"show_map_link":true,"hide_from_listings":false,"sticky":false,"featured":false,"categories":[{"name":"Saison cinema","slug":"saison-cinema","term_group":0,"term_taxonomy_id":85,"taxonomy":"tribe_events_cat","description":"","parent":0,"count":22,"filter":"raw","id":85,"urls":{"self":"https:\/\/programme.yiddish.paris\/index.php?rest_route=\/tribe\/events\/v1\/categories\/85","collection":"https:\/\/programme.yiddish.paris\/index.php?rest_route=\/tribe\/events\/v1\/categories"}}],"tags":[],"venue":[],"organizer":[],"custom_fields":[]},{"id":6439,"global_id":"programme.yiddish.paris?id=6439","global_id_lineage":["programme.yiddish.paris?id=6439"],"author":"5","status":"publish","date":"2025-10-03 22:17:55","date_utc":"2025-10-03 20:17:55","modified":"2026-04-29 13:37:10","modified_utc":"2026-04-29 11:37:10","url":"https:\/\/programme.yiddish.paris\/?tribe_events=une-nuit-de-cinema-yiddish-fantastique","rest_url":"https:\/\/programme.yiddish.paris\/index.php?rest_route=\/tribe\/events\/v1\/events\/6439","title":"Une nuit de cin\u00e9ma yiddish fantastique","description":"<p><span style=\"color: #ff0000;\"><strong>Samedi 30 mai 2026, 19h30-22h00<\/strong><\/span><\/p>\n<p>Plongez dans l\u2019univers du folk horror yiddish avec trois films saisissants &#8211; 2 courts-m\u00e9trages et un long :<\/p>\n<ul>\n<li><strong><em>Striya<\/em> <\/strong>(Paige Campbell, 2025, \u00c9tats-Unis, 9 mins, yiddish, sous-titres anglais)<br \/>\n<span class=\"Apple-converted-space\">\u00a0<\/span>Au c\u0153ur de la nuit, un Beth Din m\u00e9di\u00e9val (tribunal rabbinique) se d\u00e9chire pour d\u00e9cider du sort de Gele, une adolescente accus\u00e9e de transgression. Son p\u00e8re, Ansel, tente d\u00e9sesp\u00e9r\u00e9ment de sauver sa vie.<\/li>\n<li><strong><em>Kerl Fun Sofek \/ Seed of doubt<\/em><\/strong> (Daniel Daniel, 2024, Royaume-Uni, 23 mins, yiddish, sous-titres anglais)<br \/>\n<span class=\"Apple-converted-space\">\u00a0<\/span>Apr\u00e8s la mort de son mari, la jeune Hadassah questionne sa foi. Ses parents appellent le rabbin \u00e0 l\u2019aide. Celui-ci avertit la jeune fille : si elle ne trouve pas son propre chemin, elle risque de devenir la proie d\u2019une terreur inimaginable.<\/li>\n<li><strong><em>The Vigil<\/em><\/strong> (Keith Thomas, 2019, \u00c9tats-Unis, 89 min, version originale en yiddish, h\u00e9breu et anglais, sous-titres fran\u00e7ais)<br \/>\n<span class=\"Apple-converted-space\">\u00a0<\/span>Un long-m\u00e9trage o\u00f9 tradition et horreur se m\u00ealent : charg\u00e9 de veiller un d\u00e9funt, un jeune homme hassidique en rupture de ban doit affronter une pr\u00e9sence malveillante.<\/li>\n<\/ul>\n<p>Les projections seront pr\u00e9sent\u00e9es par <strong>Rivke Margolis<\/strong> (<span data-olk-copy-source=\"MailCompose\">professeure, Australian Centre for Jewish Civilisation, Universit\u00e9 Monash<\/span>)<\/p>\n<p>Le <strong>Kino caf\u00e9<\/strong> vous accueillera <strong>\u00e0 partir de 18h30<\/strong>.<\/p>\n<p><em><span style=\"color: #ff0000;\"><strong>Tarif : 15 \u20ac. Adh\u00e9rents : 10 \u20ac*.<br \/>\n<\/strong><\/span><strong>Moins de 30 ans ? <\/strong>B\u00e9n\u00e9ficiez d&rsquo;un <strong>tarif jeunes<\/strong> (7 \u20ac non-adh\u00e9rents, 5 \u20ac adh\u00e9rents), disponible uniquement <strong>en caisse<\/strong> le jour de l&rsquo;\u00e9v\u00e9nement.<br \/>\n<a href=\"https:\/\/www.helloasso.com\/associations\/maison-de-la-culture-yiddish-bibliotheque-medem\/adhesions\/adhesion-en-ligne-a-la-maison-de-la-culture-yiddish-2021-2022\">*<\/a><a href=\"http:\/\/adhesion.yiddish.paris\/\">Adh\u00e9rez \u00e0 la Maison de la culture yiddish pour la saison 2025-2026<\/a>\u00a0et d\u00e9couvrez\u00a0<strong>le code promotionnel<\/strong>\u00a0qui vous donnera acc\u00e8s au\u00a0<strong>tarif r\u00e9duit<\/strong>\u00a0sur vos r\u00e9servations.<\/em><\/p>\n<p><span style=\"color: #ff0000;\"><a style=\"color: #ff0000;\" href=\"https:\/\/www.helloasso.com\/associations\/maison-de-la-culture-yiddish-bibliotheque-medem\/evenements\/mcy-activites-mai-2026\"><strong>Cliquez ici<\/strong><\/a><\/span>\u00a0pour r\u00e9server (r\u00e9servation obligatoire).<\/p>\n<p><strong>Attention : <\/strong>au moment du r\u00e8glement, la plateforme Helloasso vous proposera d\u2019ajouter une contribution \u00e0 son fonctionnement. Celle-ci est optionnelle, et vous pouvez changer son montant ou bien l\u2019annuler en appuyant sur le bouton<strong> \u00ab Modifier \u00bb.<\/strong><\/p>\n<p>Pour voir le <strong>programme complet de la saison<\/strong>, <span style=\"color: #0000ff;\"><a style=\"color: #0000ff;\" href=\"https:\/\/programme.yiddish.paris\/?page_id=6523\">cliquez ici<\/a><\/span>.<\/p>\n<p>Avec le soutien de la Fondation pour la M\u00e9moire de la Shoah<\/p>\n<p><img loading=\"lazy\" decoding=\"async\" class=\"alignnone size-full wp-image-6914\" src=\"https:\/\/programme.yiddish.paris\/wp-content\/uploads\/2025\/10\/Capture-decran-2026-01-12-175728.png\" alt=\"\" width=\"129\" height=\"129\" srcset=\"https:\/\/programme.yiddish.paris\/wp-content\/uploads\/2025\/10\/Capture-decran-2026-01-12-175728.png 129w, https:\/\/programme.yiddish.paris\/wp-content\/uploads\/2025\/10\/Capture-decran-2026-01-12-175728-100x100.png 100w, https:\/\/programme.yiddish.paris\/wp-content\/uploads\/2025\/10\/Capture-decran-2026-01-12-175728-24x24.png 24w, https:\/\/programme.yiddish.paris\/wp-content\/uploads\/2025\/10\/Capture-decran-2026-01-12-175728-28x28.png 28w, https:\/\/programme.yiddish.paris\/wp-content\/uploads\/2025\/10\/Capture-decran-2026-01-12-175728-32x32.png 32w\" sizes=\"auto, (max-width: 129px) 100vw, 129px\" \/><\/p>","excerpt":"","slug":"une-nuit-de-cinema-yiddish-fantastique","image":{"url":"https:\/\/programme.yiddish.paris\/wp-content\/uploads\/2025\/10\/IMG_0242.png","id":6426,"extension":"png","width":1142,"height":811,"filesize":111467,"sizes":{"medium":{"width":300,"height":213,"mime-type":"image\/png","filesize":15295,"url":"https:\/\/programme.yiddish.paris\/wp-content\/uploads\/2025\/10\/IMG_0242-300x213.png"},"large":{"width":1024,"height":727,"mime-type":"image\/png","filesize":91456,"url":"https:\/\/programme.yiddish.paris\/wp-content\/uploads\/2025\/10\/IMG_0242-1024x727.png"},"thumbnail":{"width":150,"height":150,"mime-type":"image\/png","filesize":7241,"url":"https:\/\/programme.yiddish.paris\/wp-content\/uploads\/2025\/10\/IMG_0242-150x150.png"},"medium_large":{"width":768,"height":545,"mime-type":"image\/png","filesize":59888,"url":"https:\/\/programme.yiddish.paris\/wp-content\/uploads\/2025\/10\/IMG_0242-768x545.png"},"twentyseventeen-thumbnail-avatar":{"width":100,"height":100,"mime-type":"image\/png","filesize":4339,"url":"https:\/\/programme.yiddish.paris\/wp-content\/uploads\/2025\/10\/IMG_0242-100x100.png"},"menu-24x24":{"width":24,"height":17,"mime-type":"image\/png","filesize":950,"url":"https:\/\/programme.yiddish.paris\/wp-content\/uploads\/2025\/10\/IMG_0242-24x17.png"},"menu-28x28":{"width":28,"height":20,"mime-type":"image\/png","filesize":1071,"url":"https:\/\/programme.yiddish.paris\/wp-content\/uploads\/2025\/10\/IMG_0242-28x20.png"},"menu-32x32":{"width":32,"height":23,"mime-type":"image\/png","filesize":1287,"url":"https:\/\/programme.yiddish.paris\/wp-content\/uploads\/2025\/10\/IMG_0242-32x23.png"}}},"all_day":false,"start_date":"2026-05-30 19:30:00","start_date_details":{"year":"2026","month":"05","day":"30","hour":"19","minutes":"30","seconds":"00"},"end_date":"2026-05-30 22:00:00","end_date_details":{"year":"2026","month":"05","day":"30","hour":"22","minutes":"00","seconds":"00"},"utc_start_date":"2026-05-30 17:30:00","utc_start_date_details":{"year":"2026","month":"05","day":"30","hour":"17","minutes":"30","seconds":"00"},"utc_end_date":"2026-05-30 20:00:00","utc_end_date_details":{"year":"2026","month":"05","day":"30","hour":"20","minutes":"00","seconds":"00"},"timezone":"Europe\/Paris","timezone_abbr":"CEST","cost":"","cost_details":{"currency_symbol":"\u20ac","currency_code":"USD","currency_position":"prefix","values":[]},"website":"","show_map":true,"show_map_link":true,"hide_from_listings":false,"sticky":false,"featured":false,"categories":[{"name":"Saison cinema","slug":"saison-cinema","term_group":0,"term_taxonomy_id":85,"taxonomy":"tribe_events_cat","description":"","parent":0,"count":22,"filter":"raw","id":85,"urls":{"self":"https:\/\/programme.yiddish.paris\/index.php?rest_route=\/tribe\/events\/v1\/categories\/85","collection":"https:\/\/programme.yiddish.paris\/index.php?rest_route=\/tribe\/events\/v1\/categories"}}],"tags":[],"venue":[],"organizer":[],"custom_fields":[]},{"id":7011,"global_id":"programme.yiddish.paris?id=7011","global_id_lineage":["programme.yiddish.paris?id=7011"],"author":"9","status":"publish","date":"2026-01-29 15:58:45","date_utc":"2026-01-29 14:58:45","modified":"2026-04-29 13:10:54","modified_utc":"2026-04-29 11:10:54","url":"https:\/\/programme.yiddish.paris\/?tribe_events=seminaire-exceptionnel-sur-le-cinema-avec-rivke-margolis","rest_url":"https:\/\/programme.yiddish.paris\/index.php?rest_route=\/tribe\/events\/v1\/events\/7011","title":"Kino-seminar \/ S\u00e9minaire exceptionnel sur le cin\u00e9ma (en yiddish, sur Zoom et en pr\u00e9sentiel)","description":"<div><em>Fran\u00e7ais ci-dessus<\/em><\/div>\n<div>\n<h2 dir=\"rtl\">\u05d0\u05d9\u05d9\u05e0\u05de\u05d0\u05b8\u05dc\u05d9\u05e7\u05e2\u05e8 \u05e1\u05e2\u05de\u05d9\u05e0\u05d0\u05b7\u05e8 \u05d5\u05d5\u05e2\u05d2\u05df \u05d3\u05e2\u05dd \u05d9\u05d9\u05b4\u05d3\u05d9\u05e9\u05df \u05e7\u05d9\u05e0\u05d0\u05b8<\/h2>\n<p dir=\"rtl\"><span style=\"font-size: 14pt;\">\u05de\u05d9\u05d8 <strong>\u05e0\u05d0\u05b7\u05d8\u05d0\u05b7\u05dc\u05d9\u05e2 \u05e7\u05e8\u05d9\u05e0\u05d9\u05e6\u05e7\u05d0\u05b7<\/strong> (\u05e4\u05bc\u05d0\u05b7\u05e8\u05d9\u05d6\u05e2\u05e8 \u05d9\u05d9\u05b4\u05d3\u05d9\u05e9\u05be\u05e6\u05e2\u05e0\u05d8\u05e2\u05e8) \u05d0\u05d5\u05df <strong>\u05e7\u05d0\u05b7\u05e8\u05d0\u05b8\u05dc\u05d9\u05e0\u05d0\u05b7 \u05e9\u05d9\u05de\u05d0\u05b7\u05e0\u05d9\u05d0\u05b7\u05e7<\/strong> (\u05e1\u05d0\u05b8\u05e8\u05d1\u05d0\u05b8\u05e0\u05e2\u05be\u05d0\u05d5\u05e0\u05d9\u05d5\u05d5\u05e2\u05e8\u05e1\u05d9\u05d8\u05e2\u05d8, \u05e4\u05bc\u05d0\u05b7\u05e8\u05d9\u05d6)<\/span><\/p>\n<p style=\"text-align: right;\"><span style=\"color: #ff0000;\"><strong>\u00a0\u05d6\u05d5\u05e0\u05d8\u05d9\u05e7 \u05d3\u05e2\u05dd 31\u05e1\u05d8\u05df \u05de\u05f2\u05b7 2026, 10.00 \u05d0\u05d9\u05df \u05d3\u05e2\u05e8 \u05e4\u05bf\u05e8\u05d9 \u2014 5.00 \u05d0\u05b7\u05d6\u05f3 \u05e0\u05d0\u05b8\u05da \u05de\u05d9\u05d8\u05d0\u05b8\u05d2 \u05e4\u05bc\u05d0\u05b7\u05e8\u05d9\u05d6\u05e2\u05e8 \u05e6\u05f2\u05b7\u05d8<\/strong><\/span><\/p>\n<p dir=\"rtl\"><strong><span style=\"color: #ff0000;\">10.00 \u2013 12.30 \u05d0\u05b7\u05d6\u2019 :<\/span> \u05e0\u05d0\u05b7\u05d8\u05d0\u05b7\u05dc\u05d9\u05e2 \u05e7\u05e8\u05d9\u05e0\u05d9\u05e6\u05e7\u05d0\u05b7<\/strong>, \u05d4\u05d5\u05de\u05d0\u05b8\u05e8 \u05d0\u05d9\u05e0\u05e2\u05dd \u05d9\u05d9\u05b4\u05d3\u05d9\u05e9\u05df \u05e7\u05d9\u05e0\u05d0\u05b8<strong><br \/>\n<span style=\"color: #ff0000;\">12.30 \u2013 2.00 \u05d0\u05b7\u05d6\u2019 :<\/span><\/strong>\u05de\u05d9\u05d8\u05d9\u05e7<strong><br \/>\n<span style=\"color: #ff0000;\">2.00 \u2013 5.00 \u05d0\u05b7\u05d6\u2019 :<\/span> \u05e7\u05d0\u05b7\u05e8\u05d0\u05b8\u05dc\u05d9\u05e0\u05d0\u05b7 \u05e9\u05d9\u05de\u05d0\u05b7\u05e0\u05d9\u05d0\u05b7\u05e7<\/strong>, \u05f0\u05d9 \u05d0\u05b7\u05d6\u05f1 \u05e9\u05e8\u05f2\u05b7\u05d1\u05d8 \u05de\u05e2\u05df \u05d0\u05b7 \u05e4\u05bf\u05d9\u05dc\u05dd\u05be\u05d3\u05d9\u05d0\u05b7\u05dc\u05d0\u05b8\u05d2 \u05d0\u05f1\u05e3 \u05d9\u05d9\u05b4\u05d3\u05d9\u05e9<\/p>\n<p dir=\"rtl\">\u05d3\u05e2\u05e8 \u05e1\u05e2\u05de\u05d9\u05e0\u05d0\u05b7\u05e8 \u05e7\u05d5\u05de\u05d8 \u05e4\u05bf\u05d0\u05b8\u05e8 \u05d0\u05d5\u05d9\u05e3 \u05d9\u05d9\u05b4\u05d3\u05d9\u05e9,\u00a0<strong>\u05d3\u05d5\u05e8\u05da<\/strong>\u00a0<strong>\u05d6\u05d5\u05dd <\/strong>\u05d0\u05d5\u05df <strong>\u05d0\u05d5\u05d9\u05e4\u05bf\u05df \u05d0\u05b8\u05e8\u05d8<\/strong>.<\/p>\n<p dir=\"rtl\">\u05d0\u05d5\u05d9\u05d1 \u05d0\u05d9\u05e8 \u05d4\u05d0\u05b8\u05d8 \u05e4\u05bf\u05e8\u05d0\u05b7\u05d2\u05e2\u05e1\u2009:\u00a0<a href=\"mailto:talmidim@yiddishweb.com\"><strong>talmidim@yiddishweb.com<\/strong><\/a><\/p>\n<p dir=\"rtl\">\u05de\u05e2 \u05d3\u05d0\u05b7\u05e8\u05e3 \u05d6\u05d9\u05da \u05d0\u05d5\u05de\u05d1\u05d0\u05b7\u05d3\u05d9\u05e0\u05d2\u05d8 \u05d0\u05f2\u05b7\u05e0\u05e9\u05e8\u05f2\u05b7\u05d1\u05df \u05d0\u05d9\u05df \u05e4\u05bf\u05d0\u05b8\u05e8\u05d5\u05d9\u05e1.<\/p>\n<h3 dir=\"rtl\"><span style=\"color: #ff0000;\"><a style=\"color: #ff0000;\" href=\"https:\/\/www.helloasso.com\/associations\/maison-de-la-culture-yiddish-bibliotheque-medem\/evenements\/mcy-activites-mai-2026\"><strong>\u05d0\u05f2\u05b7\u05e0\u05e9\u05e8\u05f2\u05b7\u05d1\u05d5\u05e0\u05d2<\/strong><\/a><\/span><\/h3>\n<p dir=\"rtl\"><span style=\"color: #ff0000;\"><strong>\u05e9\u05b9\u05db\u05e8\u05be\u05dc\u05d9\u05de\u05d5\u05d3 : 35 \u05d0\u05d9\u05d9\u05e8\u05d0\u05b8\u05e1. \u05de\u05d9\u05d8\u05d2\u05dc\u05d9\u05d3\u05e2\u05e8* : 30 \u05d0\u05d9\u05d9\u05e8\u05d0\u05b8\u05e1.<\/strong><\/span><\/p>\n<p dir=\"rtl\">*\u05d0\u05d5\u05d9\u05d1 \u05d0\u05d9\u05e8\u00a0\u05d5\u05d5\u05e2\u05e8\u05d8 \u05d0\u05b7\u00a0<a href=\"http:\/\/adhesion.yiddish.paris\/\">\u05de\u05d9\u05d8\u05d2\u05dc\u05d9\u05d3 \u05d0\u05d9\u05e0\u05e2\u05dd \u05e4\u05bc\u05d0\u05b7\u05e8\u05d9\u05d6\u05e2\u05e8 \u05d9\u05d9\u05b4\u05d3\u05d9\u05e9\u05be\u05e6\u05e2\u05e0\u05d8\u05e2\u05e8 \u05e4\u05bf\u05d0\u05b7\u05e8\u05df \u05d9\u05d0\u05b8\u05e8\u00a0 2026-2025<\/a>, \u05d5\u05d5\u05e2\u05d8 \u05d0\u05d9\u05e8 \u05e7\u05e8\u05d9\u05d2\u05df \u05d0\u05b7 \u05d4\u05e0\u05d7\u05d4\u05be\u05e7\u05d0\u05b8\u05d3 \u05e4\u05bf\u05d0\u05b7\u05e8\u05df \u05de\u05d9\u05d8\u05d2\u05dc\u05d9\u05d3\u05e2\u05e8\u05be\u05e4\u05bc\u05e8\u05f2\u05b7\u05d6.<\/p>\n<p dir=\"rtl\">\u05d5\u05d5\u05e2\u05df \u05d0\u05d9\u05e8 \u05d5\u05d5\u05e2\u05d8 \u05d4\u05d0\u05b7\u05dc\u05d8\u05df \u05d1\u05f2\u05b7\u05dd \u05d1\u05d0\u05b7\u05e6\u05d0\u05b8\u05dc\u05df, \u05d5\u05d5\u05e2\u05d8 \u05d0\u05f2\u05b7\u05da <strong>\u00ab \u05d4\u05e2\u05dc\u05d0\u05b8\u05d0\u05b7\u05e1\u05d0\u05b8 \u00bb <\/strong>\u05e4\u05bf\u05d0\u05b8\u05e8\u05dc\u05d9\u05d9\u05d2\u05df \u05d0\u05b7 \u05e6\u05d5\u05d2\u05d0\u05b8\u05d1\u05be\u05e6\u05d5\u05e9\u05d8\u05f2\u05b7\u05e2\u05e8 \u05e4\u05bf\u05d0\u05b7\u05e8\u05df \u05e7\u05d9\u05d5\u05dd \u05e4\u05bf\u05d5\u05df \u05d3\u05e2\u05e8 \u05d3\u05d0\u05b8\u05d6\u05d9\u05e7\u05e2\u05e8 \u05e4\u05bc\u05dc\u05d0\u05b7\u05d8\u05e4\u05bf\u05d0\u05b8\u05e8\u05de\u05e2. \u05d3\u05d0\u05b8\u05e1 \u05d0\u05d9\u05d6 \u05d0\u05b8\u05e4\u05bc\u05e6\u05d9\u05d0\u05b8\u05e0\u05e2\u05dc : \u05d0\u05d9\u05e8 \u05e7\u05e2\u05e0\u05d8 \u05d1\u05f2\u05b7\u05d8\u05df \u05d3\u05d9 \u05e1\u05d5\u05de\u05e2 \u05d0\u05b8\u05d3\u05e2\u05e8 \u05d0\u05b7\u05e0\u05d5\u05dc\u05d9\u05e8\u05df \u05d3\u05e2\u05dd \u05e6\u05d5\u05e9\u05d8\u05f2\u05b7\u05e2\u05e8 \u05de\u05d9\u05d8\u05df \u05e7\u05e0\u05e2\u05e4\u05bc\u05dc<strong> \u00ab\u00a0Modifier\u00a0\u00bb.<\/strong><\/p>\n<\/div>\n<h1><span style=\"font-size: 14pt;\">S\u00e9minaire exceptionnel sur le cin\u00e9ma yiddish<\/span><\/h1>\n<p><span style=\"font-size: 14pt;\">Avec <strong>Natalia Krynicka<\/strong> (Maison de la culture yiddish) et <strong>Karolina Szymaniak<\/strong> (Universit\u00e9 Paris IV Sorbonne)<\/span><\/p>\n<p><span style=\"color: #ff0000;\"><strong>Dimanche 31 mai 2026, 9h30-17h00<\/strong><\/span><\/p>\n<div><span style=\"font-size: 14pt;\"><span style=\"color: #ff0000;\">10h-12h30 :<\/span> <strong>Natalia Krynicka<\/strong>, <em>L&rsquo;humour dans les films yiddish<\/em><\/span><\/div>\n<div><span style=\"font-size: 14pt;\"><span style=\"color: #ff0000;\">12h30-14h :<\/span> Pause d\u00e9jeuner<\/span><\/div>\n<div><span style=\"font-size: 14pt;\"><span style=\"color: #ff0000;\">14h-17h :<\/span> <strong>Karolina Szymaniak<\/strong>, <em>Comment \u00e9crire un dialogue de film en yiddish<\/em><\/span><\/div>\n<div><span style=\"color: #ffffff;\">\u00a0h<\/span><\/div>\n<div><span style=\"color: #ff0000;\"><strong><span style=\"font-size: 14pt;\">Tarif : 35\u20ac\/30\u20ac adh\u00e9rents.<\/span><\/strong><\/span><\/div>\n<div><span style=\"font-size: 14pt;\"><em><span style=\"color: #800000;\"><a style=\"color: #800000;\" href=\"https:\/\/www.helloasso.com\/associations\/maison-de-la-culture-yiddish-bibliotheque-medem\/adhesions\/adhesion-en-ligne-a-la-maison-de-la-culture-yiddish-2021-2022\">*<\/a><a style=\"color: #800000;\" href=\"http:\/\/adhesion.yiddish.paris\/\">Adh\u00e9rez \u00e0 la Maison de la culture yiddish pour la saison 2025-2026<\/a>\u00a0<\/span>et d\u00e9couvrez\u00a0<strong>le code promotionnel<\/strong>\u00a0qui vous donnera acc\u00e8s au\u00a0<strong>tarif r\u00e9duit<\/strong>\u00a0sur vos r\u00e9servations.<\/em><\/span><\/div>\n<div><span style=\"color: #ffffff;\">hh<\/span><\/div>\n<div><span style=\"font-size: 14pt;\"><span style=\"color: #ff0000;\"><a style=\"color: #ff0000;\" href=\"https:\/\/www.helloasso.com\/associations\/maison-de-la-culture-yiddish-bibliotheque-medem\/evenements\/mcy-activites-mai-2026\"><strong>Cliquez ici<\/strong><\/a><\/span>\u00a0pour r\u00e9server (r\u00e9servation obligatoire).<\/span><\/div>\n<div><span style=\"color: #ffffff;\">\u00a0hh<\/span><\/div>\n<div><strong style=\"font-size: 14pt;\">Attention : <\/strong>au moment du r\u00e8glement, la plateforme Helloasso vous proposera d\u2019ajouter une contribution \u00e0 son fonctionnement. Celle-ci est optionnelle, et vous pouvez changer son montant ou bien l\u2019annuler en appuyant sur le bouton<strong style=\"font-size: 14pt;\"> \u00ab Modifier \u00bb<\/strong>.<\/div>\n<div>\n<p><span style=\"color: #ffffff; font-size: 14pt;\">hhhh<\/span><\/p>\n<p><span style=\"font-size: 14pt;\">Pour voir le <strong>programme complet de la saison<\/strong>, <span style=\"color: #0000ff;\"><a style=\"color: #0000ff;\" href=\"https:\/\/programme.yiddish.paris\/?page_id=6523\">cliquez ici<\/a>.<\/span><\/span><\/p>\n<\/div>","excerpt":"","slug":"seminaire-exceptionnel-sur-le-cinema-avec-rivke-margolis","image":{"url":"https:\/\/programme.yiddish.paris\/wp-content\/uploads\/2026\/03\/Mamele-pistoyl.jpg","id":7267,"extension":"jpg","width":1920,"height":1080,"filesize":139689,"sizes":{"medium":{"width":300,"height":169,"mime-type":"image\/jpeg","filesize":12028,"url":"https:\/\/programme.yiddish.paris\/wp-content\/uploads\/2026\/03\/Mamele-pistoyl-300x169.jpg"},"large":{"width":1024,"height":576,"mime-type":"image\/jpeg","filesize":81496,"url":"https:\/\/programme.yiddish.paris\/wp-content\/uploads\/2026\/03\/Mamele-pistoyl-1024x576.jpg"},"thumbnail":{"width":150,"height":150,"mime-type":"image\/jpeg","filesize":6446,"url":"https:\/\/programme.yiddish.paris\/wp-content\/uploads\/2026\/03\/Mamele-pistoyl-150x150.jpg"},"medium_large":{"width":768,"height":432,"mime-type":"image\/jpeg","filesize":52666,"url":"https:\/\/programme.yiddish.paris\/wp-content\/uploads\/2026\/03\/Mamele-pistoyl-768x432.jpg"},"1536x1536":{"width":1536,"height":864,"mime-type":"image\/jpeg","filesize":151052,"url":"https:\/\/programme.yiddish.paris\/wp-content\/uploads\/2026\/03\/Mamele-pistoyl-1536x864.jpg"},"twentyseventeen-thumbnail-avatar":{"width":100,"height":100,"mime-type":"image\/jpeg","filesize":3499,"url":"https:\/\/programme.yiddish.paris\/wp-content\/uploads\/2026\/03\/Mamele-pistoyl-100x100.jpg"},"menu-24x24":{"width":24,"height":14,"mime-type":"image\/jpeg","filesize":460,"url":"https:\/\/programme.yiddish.paris\/wp-content\/uploads\/2026\/03\/Mamele-pistoyl-24x14.jpg"},"menu-28x28":{"width":28,"height":16,"mime-type":"image\/jpeg","filesize":500,"url":"https:\/\/programme.yiddish.paris\/wp-content\/uploads\/2026\/03\/Mamele-pistoyl-28x16.jpg"},"menu-32x32":{"width":32,"height":18,"mime-type":"image\/jpeg","filesize":593,"url":"https:\/\/programme.yiddish.paris\/wp-content\/uploads\/2026\/03\/Mamele-pistoyl-32x18.jpg"}}},"all_day":false,"start_date":"2026-05-31 10:00:00","start_date_details":{"year":"2026","month":"05","day":"31","hour":"10","minutes":"00","seconds":"00"},"end_date":"2026-05-31 17:00:00","end_date_details":{"year":"2026","month":"05","day":"31","hour":"17","minutes":"00","seconds":"00"},"utc_start_date":"2026-05-31 08:00:00","utc_start_date_details":{"year":"2026","month":"05","day":"31","hour":"08","minutes":"00","seconds":"00"},"utc_end_date":"2026-05-31 15:00:00","utc_end_date_details":{"year":"2026","month":"05","day":"31","hour":"15","minutes":"00","seconds":"00"},"timezone":"Europe\/Paris","timezone_abbr":"CEST","cost":"","cost_details":{"currency_symbol":"\u20ac","currency_code":"USD","currency_position":"prefix","values":[]},"website":"","show_map":true,"show_map_link":true,"hide_from_listings":false,"sticky":false,"featured":false,"categories":[{"name":"Saison cinema","slug":"saison-cinema","term_group":0,"term_taxonomy_id":85,"taxonomy":"tribe_events_cat","description":"","parent":0,"count":22,"filter":"raw","id":85,"urls":{"self":"https:\/\/programme.yiddish.paris\/index.php?rest_route=\/tribe\/events\/v1\/categories\/85","collection":"https:\/\/programme.yiddish.paris\/index.php?rest_route=\/tribe\/events\/v1\/categories"}},{"name":"s\u00e9minaire","slug":"seminaire","term_group":0,"term_taxonomy_id":45,"taxonomy":"tribe_events_cat","description":"","parent":0,"count":66,"filter":"raw","id":45,"urls":{"self":"https:\/\/programme.yiddish.paris\/index.php?rest_route=\/tribe\/events\/v1\/categories\/45","collection":"https:\/\/programme.yiddish.paris\/index.php?rest_route=\/tribe\/events\/v1\/categories"}},{"name":"yiddish","slug":"yiddish","term_group":0,"term_taxonomy_id":56,"taxonomy":"tribe_events_cat","description":"","parent":0,"count":257,"filter":"raw","id":56,"urls":{"self":"https:\/\/programme.yiddish.paris\/index.php?rest_route=\/tribe\/events\/v1\/categories\/56","collection":"https:\/\/programme.yiddish.paris\/index.php?rest_route=\/tribe\/events\/v1\/categories"}}],"tags":[],"venue":{"id":1242,"author":"2","status":"publish","date":"2020-12-19 15:37:32","date_utc":"2020-12-19 14:37:32","modified":"2020-12-19 15:39:08","modified_utc":"2020-12-19 14:39:08","url":"https:\/\/programme.yiddish.paris\/?tribe_venue=a-la-maison-de-la-culture-yiddish","venue":"\u00c0 la Maison de la culture yiddish","slug":"a-la-maison-de-la-culture-yiddish","address":"29,\u00a0rue du Ch\u00e2teau-d'Eau","city":"Paris","country":"France","zip":"75010","phone":"+33(0)1 47 00 14 00","website":"http:\/\/yiddish.paris","show_map":true,"show_map_link":true,"global_id":"programme.yiddish.paris?id=1242","global_id_lineage":["programme.yiddish.paris?id=1242"]},"organizer":[],"custom_fields":[]}],"rest_url":"https:\/\/programme.yiddish.paris\/index.php?rest_route=%2Ftribe%2Fevents%2Fv1%2Fevents%2F&page=1&per_page=10&start_date=2026-04-30 00:00:00&end_date=2028-04-30 23:59:59&status=publish","total":5,"total_pages":1}