{"id":1930,"global_id":"programme.yiddish.paris?id=1930","global_id_lineage":["programme.yiddish.paris?id=1930"],"author":"2","status":"publish","date":"2021-07-01 15:20:50","date_utc":"2021-07-01 13:20:50","modified":"2021-07-01 20:17:45","modified_utc":"2021-07-01 18:17:45","url":"https:\/\/programme.yiddish.paris\/?tribe_events=yidish-oyf-der-tsung-en-presentiel-de-qui-se-moque-t-on","rest_url":"https:\/\/programme.yiddish.paris\/index.php?rest_route=\/tribe\/events\/v1\/events\/1930","title":"Yidish oyf der tsung en pr\u00e9sentiel : de qui se moque-t-on\u00a0?","description":"<h1 class=\"has-text-align-right\" dir=\"rtl\">\u05d9\u05d9\u05b4\u05d3\u05d9\u05e9 \u05d0\u05d5\u05d9\u05e3 \u05d3\u05e2\u05e8 \u05e6\u05d5\u05e0\u05d2 (\u05d0\u05d5\u05d9\u05e4\u05bf\u05df \u05d0\u05b8\u05e8\u05d8) : \u05e6\u05d9 \u05e4\u05bf\u05f2\u05b7\u05e4\u05bf\u05d8 \u05de\u05e2\u05df \u05d0\u05d5\u05d9\u05e3 \u05d0\u05d5\u05e0\u05d3\u05d6 ?<\/h1>\n\n\n\n<p id=\"block-f0705751-768f-4b85-8464-43411c744606\">Anim\u00e9 par&nbsp;<strong>R\u00e9gine Nebel<\/strong>&nbsp;et&nbsp;<strong>Yitskhok Niborski<\/strong>.<\/p>\n\n\n\n<p id=\"block-e7e2476e-f0f6-4e8d-8865-d1d49154ad23\">Le cours de conversation&nbsp;<strong>Yidish oyf der tsung<\/strong>&nbsp;(\u00ab le yiddish sur le bout de la langue \u00bb) est anim\u00e9 par&nbsp;<strong>R\u00e9gine Nebel&nbsp;<\/strong>et les diff\u00e9rents enseignants de la Maison de la culture yiddish. Chaque s\u00e9ance est consacr\u00e9e \u00e0 un th\u00e8me pour lequel un vocabulaire est fourni \u00e0 l\u2019avance d\u00e8s l\u2019inscription. Savoir lire le yiddish est indispensable.<\/p>\n\n\n\n<p id=\"block-8699c27c-dfbe-4c0e-b97a-d81611c01625\">Le cours se d\u00e9roule en yiddish.<\/p>\n\n\n\n<p id=\"block-9f12ed79-6edc-4770-bd43-8fe9522387fe\"><em>Tarif : 20 \u20ac. Adh\u00e9rents : 15 \u20ac*.<br><a href=\"https:\/\/www.helloasso.com\/associations\/maison-de-la-culture-yiddish-bibliotheque-medem\/adhesions\/adhesion-en-ligne-a-la-maison-de-la-culture-yiddish-2021-2022\">*Adh\u00e9rez \u00e0 la Maison de la culture yiddish pour la saison 2021-2022<\/a>&nbsp;et d\u00e9couvrez&nbsp;<strong>le code promotionnel<\/strong>&nbsp;qui vous donnera acc\u00e8s au&nbsp;<strong>tarif r\u00e9duit<\/strong>&nbsp;sur vos r\u00e9servations.<\/em><\/p>\n\n\n\n<p id=\"block-2ba98dcd-5f13-4105-b07b-0b0692c4fa6f\"><strong><a href=\"https:\/\/www.helloasso.com\/associations\/maison-de-la-culture-yiddish-bibliotheque-medem\/evenements\/2021-11\">Cliquez ici<\/a><\/strong>&nbsp;pour r\u00e9server (r\u00e9servation obligatoire).<\/p>\n\n\n\n<p id=\"block-02374118-74c5-4bea-b761-3a9a73091b35\"><strong>Attention : au moment du r\u00e8glement, la plateforme Helloassso vous proposera d\u2019ajouter une contribution \u00e0 son fonctionnement. Celle-ci est optionnelle, et vous pouvez changer son montant ou bien l\u2019annuler en appuyant sur le bouton \u00ab&nbsp;Modifier&nbsp;\u00bb.<\/strong><\/p>","excerpt":"","slug":"yidish-oyf-der-tsung-en-presentiel-de-qui-se-moque-t-on","image":{"url":"https:\/\/programme.yiddish.paris\/wp-content\/uploads\/2021\/07\/joker.jpeg","id":1931,"extension":"jpeg","width":764,"height":1181,"sizes":{"medium":{"width":194,"height":300,"mime-type":"image\/jpeg","url":"https:\/\/programme.yiddish.paris\/wp-content\/uploads\/2021\/07\/joker-194x300.jpeg"},"large":{"width":662,"height":1024,"mime-type":"image\/jpeg","url":"https:\/\/programme.yiddish.paris\/wp-content\/uploads\/2021\/07\/joker-662x1024.jpeg"},"thumbnail":{"width":150,"height":150,"mime-type":"image\/jpeg","url":"https:\/\/programme.yiddish.paris\/wp-content\/uploads\/2021\/07\/joker-150x150.jpeg"},"twentyseventeen-thumbnail-avatar":{"width":100,"height":100,"mime-type":"image\/jpeg","url":"https:\/\/programme.yiddish.paris\/wp-content\/uploads\/2021\/07\/joker-100x100.jpeg"},"menu-24x24":{"width":16,"height":24,"mime-type":"image\/jpeg","url":"https:\/\/programme.yiddish.paris\/wp-content\/uploads\/2021\/07\/joker-16x24.jpeg"},"menu-28x28":{"width":18,"height":28,"mime-type":"image\/jpeg","url":"https:\/\/programme.yiddish.paris\/wp-content\/uploads\/2021\/07\/joker-18x28.jpeg"},"menu-32x32":{"width":21,"height":32,"mime-type":"image\/jpeg","url":"https:\/\/programme.yiddish.paris\/wp-content\/uploads\/2021\/07\/joker-21x32.jpeg"}}},"all_day":false,"start_date":"2021-11-18 14:00:00","start_date_details":{"year":"2021","month":"11","day":"18","hour":"14","minutes":"00","seconds":"00"},"end_date":"2021-11-18 16:00:00","end_date_details":{"year":"2021","month":"11","day":"18","hour":"16","minutes":"00","seconds":"00"},"utc_start_date":"2021-11-18 13:00:00","utc_start_date_details":{"year":"2021","month":"11","day":"18","hour":"13","minutes":"00","seconds":"00"},"utc_end_date":"2021-11-18 15:00:00","utc_end_date_details":{"year":"2021","month":"11","day":"18","hour":"15","minutes":"00","seconds":"00"},"timezone":"Europe\/Paris","timezone_abbr":"","cost":"","cost_details":{"currency_symbol":"\u20ac","currency_code":"","currency_position":"prefix","values":[]},"website":"","show_map":true,"show_map_link":true,"hide_from_listings":false,"sticky":false,"featured":false,"categories":[{"name":"cours de conversation","slug":"cours-de-conversation","term_group":0,"term_taxonomy_id":40,"taxonomy":"tribe_events_cat","description":"","parent":0,"count":71,"filter":"raw","id":40,"urls":{"self":"https:\/\/programme.yiddish.paris\/index.php?rest_route=\/tribe\/events\/v1\/categories\/40","collection":"https:\/\/programme.yiddish.paris\/index.php?rest_route=\/tribe\/events\/v1\/categories"}},{"name":"yiddish","slug":"yiddish","term_group":0,"term_taxonomy_id":56,"taxonomy":"tribe_events_cat","description":"","parent":0,"count":257,"filter":"raw","id":56,"urls":{"self":"https:\/\/programme.yiddish.paris\/index.php?rest_route=\/tribe\/events\/v1\/categories\/56","collection":"https:\/\/programme.yiddish.paris\/index.php?rest_route=\/tribe\/events\/v1\/categories"}}],"tags":[],"venue":[],"organizer":[],"custom_fields":[],"json_ld":{"@context":"http:\/\/schema.org","@type":"Event","name":"Yidish oyf der tsung en pr\u00e9sentiel : de qui se moque-t-on\u00a0?","description":"&lt;p&gt;\u05d9\u05d9\u05b4\u05d3\u05d9\u05e9 \u05d0\u05d5\u05d9\u05e3 \u05d3\u05e2\u05e8 \u05e6\u05d5\u05e0\u05d2 (\u05d0\u05d5\u05d9\u05e4\u05bf\u05df \u05d0\u05b8\u05e8\u05d8) : \u05e6\u05d9 \u05e4\u05bf\u05f2\u05b7\u05e4\u05bf\u05d8 \u05de\u05e2\u05df \u05d0\u05d5\u05d9\u05e3 \u05d0\u05d5\u05e0\u05d3\u05d6 ? Anim\u00e9 par&nbsp;R\u00e9gine Nebel&nbsp;et&nbsp;Yitskhok Niborski. Le cours de conversation&nbsp;Yidish oyf der tsung&nbsp;(\u00ab le yiddish sur le bout de &hellip; &lt;\/p&gt;\\n&lt;p class=&quot;link-more&quot;&gt;&lt;a href=&quot;https:\/\/programme.yiddish.paris\/?tribe_events=yidish-oyf-der-tsung-en-presentiel-de-qui-se-moque-t-on&quot; class=&quot;more-link&quot;&gt;Continuer la lecture&lt;span class=&quot;screen-reader-text&quot;&gt; de &laquo;&nbsp;Yidish oyf der tsung en pr\u00e9sentiel : de qui se moque-t-on\u00a0?&nbsp;&raquo;&lt;\/span&gt;&lt;\/a&gt;&lt;\/p&gt;\\n","image":"https:\/\/programme.yiddish.paris\/wp-content\/uploads\/2021\/07\/joker.jpeg","url":"https:\/\/programme.yiddish.paris\/?tribe_events=yidish-oyf-der-tsung-en-presentiel-de-qui-se-moque-t-on","eventAttendanceMode":"https:\/\/schema.org\/OfflineEventAttendanceMode","eventStatus":"https:\/\/schema.org\/EventScheduled","startDate":"2021-11-18T14:00:00+01:00","endDate":"2021-11-18T16:00:00+01:00","performer":"Organization"}}