{"id":2427,"global_id":"programme.yiddish.paris?id=2427","global_id_lineage":["programme.yiddish.paris?id=2427"],"author":"2","status":"publish","date":"2021-10-07 08:49:18","date_utc":"2021-10-07 06:49:18","modified":"2024-04-27 22:15:10","modified_utc":"2024-04-27 20:15:10","url":"https:\/\/programme.yiddish.paris\/?tribe_events=les-acoustiques-solistes-de-la-musique-ashkenaze-en-presentiel","rest_url":"https:\/\/programme.yiddish.paris\/index.php?rest_route=\/tribe\/events\/v1\/events\/2427","title":"Les Acoustiques\u00a0: solistes de la musique ashk\u00e9naze (en pr\u00e9sentiel)","description":"<h2 class=\"wp-block-heading\"><strong>2 : Alexandre Cerveux chante \u00ab Oyd noshuvo el nigun atik \u00bb<\/strong><\/h2>\r\n\r\n\r\n\r\n<p>Des concerts courts et intenses. Des programmes in\u00e9dits. Une rencontre intime avec des solistes de France et d\u2019ailleurs. Pour faire r\u00e9sonner la musique ashk\u00e9naze dans toute son int\u00e9grit\u00e9. Sans amplificateurs, sans chichis.<\/p>\r\n\r\n\r\n\r\n<p>Bribes de m\u00e9lodies, fragments de chants, airs ent\u00eatants : le r\u00e9pertoire pour voix seule, chant\u00e9 pour le culte, sur la route ou dans les champs, est con\u00e7u pour qu\u2019on s\u2019en souvienne ! Les \u00e9poques et les traditions offrent chacune leurs monodies, imagin\u00e9es pour bercer, \u00e9mailler les \u00e9tapes de la vie ou refl\u00e9ter les \u00e9tats de l\u2019\u00e2me. Ce programme propose de mettre en regard des chants d\u2019\u00e9poques diff\u00e9rentes, extraits de cantillation, m\u00e9lodies m\u00e9di\u00e9vales et autres cantiques de la Renaissance et du baroque.<\/p>\r\n\r\n\r\n\r\n<p><strong>Alexandre Cerveux<\/strong> est chanteur, dipl\u00f4m\u00e9 du Centre de musique baroque de Versailles, et musicologue, sp\u00e9cialiste de musique ancienne. Il est hazzan de la CJL, Paris.<\/p>\r\n\r\n\r\n\r\n<p><strong>19h30<\/strong>\u00a0: Ouverture des portes<\/p>\r\n\r\n\r\n\r\n<p><strong>20h<\/strong>\u00a0: Concert<\/p>\r\n\r\n\r\n\r\n<p><strong>20h45<\/strong>\u00a0: Conversation entre l\u2019artiste et <strong>Tal Hever-Chybowski<\/strong>.<\/p>\r\n\r\n\r\n\r\n<p>Chants en h\u00e9breu, latin, fran\u00e7ais et yiddish.<\/p>\r\n\r\n\r\n\r\n<p id=\"block-9f12ed79-6edc-4770-bd43-8fe9522387fe\"><em>Tarif : 15 \u20ac. Adh\u00e9rents : 10 \u20ac*.<br \/><a href=\"https:\/\/www.helloasso.com\/associations\/maison-de-la-culture-yiddish-bibliotheque-medem\/adhesions\/adhesion-en-ligne-a-la-maison-de-la-culture-yiddish-2021-2022\">*Adh\u00e9rez \u00e0 la Maison de la culture yiddish pour la saison 2021-2022<\/a>\u00a0et d\u00e9couvrez\u00a0<strong>le code promotionnel<\/strong>\u00a0qui vous donnera acc\u00e8s au\u00a0<strong>tarif r\u00e9duit<\/strong>\u00a0sur vos r\u00e9servations.<\/em><\/p>\r\n\r\n\r\n\r\n<p id=\"block-2ba98dcd-5f13-4105-b07b-0b0692c4fa6f\"><strong><a href=\"https:\/\/www.helloasso.com\/associations\/maison-de-la-culture-yiddish-bibliotheque-medem\/evenements\/2021-12\">Cliquez ici<\/a><\/strong>\u00a0pour r\u00e9server (r\u00e9servation obligatoire).<\/p>\r\n\r\n\r\n\r\n<p id=\"block-02374118-74c5-4bea-b761-3a9a73091b35\"><strong>Attention : au moment du r\u00e8glement, la plateforme Helloassso vous proposera d\u2019ajouter une contribution \u00e0 son fonctionnement. Celle-ci est optionnelle, et vous pouvez changer son montant ou bien l\u2019annuler en appuyant sur le bouton \u00ab\u00a0Modifier\u00a0\u00bb.<\/strong><\/p>","excerpt":"","slug":"les-acoustiques-solistes-de-la-musique-ashkenaze-en-presentiel","image":false,"all_day":false,"start_date":"2021-12-02 20:00:00","start_date_details":{"year":"2021","month":"12","day":"02","hour":"20","minutes":"00","seconds":"00"},"end_date":"2021-12-02 21:30:00","end_date_details":{"year":"2021","month":"12","day":"02","hour":"21","minutes":"30","seconds":"00"},"utc_start_date":"2021-12-02 19:00:00","utc_start_date_details":{"year":"2021","month":"12","day":"02","hour":"19","minutes":"00","seconds":"00"},"utc_end_date":"2021-12-02 20:30:00","utc_end_date_details":{"year":"2021","month":"12","day":"02","hour":"20","minutes":"30","seconds":"00"},"timezone":"Europe\/Paris","timezone_abbr":"CET","cost":"","cost_details":{"currency_symbol":"\u20ac","currency_code":"","currency_position":"prefix","values":[]},"website":"","show_map":true,"show_map_link":true,"hide_from_listings":false,"sticky":false,"featured":false,"categories":[{"name":"concert","slug":"concert","term_group":0,"term_taxonomy_id":44,"taxonomy":"tribe_events_cat","description":"","parent":0,"count":16,"filter":"raw","id":44,"urls":{"self":"https:\/\/programme.yiddish.paris\/index.php?rest_route=\/tribe\/events\/v1\/categories\/44","collection":"https:\/\/programme.yiddish.paris\/index.php?rest_route=\/tribe\/events\/v1\/categories"}},{"name":"musique","slug":"musique","term_group":0,"term_taxonomy_id":71,"taxonomy":"tribe_events_cat","description":"","parent":0,"count":37,"filter":"raw","id":71,"urls":{"self":"https:\/\/programme.yiddish.paris\/index.php?rest_route=\/tribe\/events\/v1\/categories\/71","collection":"https:\/\/programme.yiddish.paris\/index.php?rest_route=\/tribe\/events\/v1\/categories"}}],"tags":[],"venue":[],"organizer":[],"custom_fields":[],"json_ld":{"@context":"http:\/\/schema.org","@type":"Event","name":"Les Acoustiques\u00a0: solistes de la musique ashk\u00e9naze (en pr\u00e9sentiel)","description":"&lt;p&gt;2 : Alexandre Cerveux chante \u00ab Oyd noshuvo el nigun atik \u00bb Des concerts courts et intenses. Des programmes in\u00e9dits. Une rencontre intime avec des solistes de France et d\u2019ailleurs. &hellip; &lt;\/p&gt;\\n&lt;p class=&quot;link-more&quot;&gt;&lt;a href=&quot;https:\/\/programme.yiddish.paris\/?tribe_events=les-acoustiques-solistes-de-la-musique-ashkenaze-en-presentiel&quot; class=&quot;more-link&quot;&gt;Continuer la lecture&lt;span class=&quot;screen-reader-text&quot;&gt; de &laquo;&nbsp;Les Acoustiques\u00a0: solistes de la musique ashk\u00e9naze (en pr\u00e9sentiel)&nbsp;&raquo;&lt;\/span&gt;&lt;\/a&gt;&lt;\/p&gt;\\n","url":"https:\/\/programme.yiddish.paris\/?tribe_events=les-acoustiques-solistes-de-la-musique-ashkenaze-en-presentiel","eventAttendanceMode":"https:\/\/schema.org\/OfflineEventAttendanceMode","eventStatus":"https:\/\/schema.org\/EventScheduled","startDate":"2021-12-02T20:00:00+01:00","endDate":"2021-12-02T21:30:00+01:00","performer":"Organization"}}