{"id":2628,"global_id":"programme.yiddish.paris?id=2628","global_id_lineage":["programme.yiddish.paris?id=2628"],"author":"2","status":"publish","date":"2021-11-26 11:45:35","date_utc":"2021-11-26 10:45:35","modified":"2021-11-26 11:46:10","modified_utc":"2021-11-26 10:46:10","url":"https:\/\/programme.yiddish.paris\/?tribe_events=paris-dans-la-litterature-yiddish-une-anthologie-sur-zoom","rest_url":"https:\/\/programme.yiddish.paris\/index.php?rest_route=\/tribe\/events\/v1\/events\/2628","title":"Paris dans la litt\u00e9rature yiddish : une anthologie (sur Zoom)","description":"<h2 class=\"p1\">Une nouvelle web-publication de la MCY<\/h2>\n<p class=\"p3\">Ville de r\u00eaves et de dure r\u00e9alit\u00e9, lieu de passage et terre d\u2019exil, espace \u00e9tranger et familier : Paris appara\u00eet dans la po\u00e9sie yiddish sous de multiples facettes. De nombreux \u00e9crivains yiddish l\u2019ont imagin\u00e9 de loin, y ont s\u00e9journ\u00e9 ou v\u00e9cu, pour ensuite l\u2019\u00e9voquer dans leurs oeuvres.<\/p>\n<p class=\"p3\">La Maison de la culture yiddish a r\u00e9cemment entam\u00e9 un projet in\u00e9dit de grande envergure : rassembler ces po\u00e8mes dans une anthologie num\u00e9rique. Sur la page web <a href=\"http:\/\/passages.yiddish.paris\/paris-dans-la-poesie-yiddish-anthologie\/\">\u201cParis dans la litt\u00e9rature yiddish : une anthologie \/ Pariz in der yidisher literatur : an antologye\u201d<\/a><span class=\"s2\">, on trouve d\u2019ores et d\u00e9j\u00e0 une centaine de textes de 24 po\u00e9tesses et po\u00e8tes.<\/span><\/p>\n<p class=\"p3\"><span class=\"s2\"><strong>Natalia Krynicka<\/strong> pr\u00e9sentera cette nouvelle web-publication dans le cadre du<\/span> projet <a href=\"http:\/\/passages.yiddish.paris\/\"><b>Passages<\/b><\/a> qui a pour but de cr\u00e9er la plus grande base de donn\u00e9es consacr\u00e9e \u00e0 la vie culturelle yiddish en France de la fin du XIXe si\u00e8cle \u00e0 nos jours.<\/p>\n<p>En fran\u00e7ais, sur Zoom.<\/p>\n<p id=\"block-9f12ed79-6edc-4770-bd43-8fe9522387fe\"><em>Tarif : 10 \u20ac. Adh\u00e9rents : 5 \u20ac*.<br \/>\n<a href=\"https:\/\/www.helloasso.com\/associations\/maison-de-la-culture-yiddish-bibliotheque-medem\/adhesions\/adhesion-en-ligne-a-la-maison-de-la-culture-yiddish-2021-2022\">*Adh\u00e9rez \u00e0 la Maison de la culture yiddish pour la saison 2021-2022<\/a>\u00a0et d\u00e9couvrez\u00a0<strong>le code promotionnel<\/strong>\u00a0qui vous donnera acc\u00e8s au\u00a0<strong>tarif r\u00e9duit<\/strong>\u00a0sur vos r\u00e9servations.<\/em><\/p>\n<p id=\"block-2ba98dcd-5f13-4105-b07b-0b0692c4fa6f\"><strong><a href=\"https:\/\/www.helloasso.com\/associations\/maison-de-la-culture-yiddish-bibliotheque-medem\/evenements\/2021-12\">Cliquez ici<\/a><\/strong>\u00a0pour r\u00e9server (r\u00e9servation obligatoire).<\/p>\n<p id=\"block-02374118-74c5-4bea-b761-3a9a73091b35\"><strong>Attention : au moment du r\u00e8glement, la plateforme Helloassso vous proposera d\u2019ajouter une contribution \u00e0 son fonctionnement. Celle-ci est optionnelle, et vous pouvez changer son montant ou bien l\u2019annuler en appuyant sur le bouton \u00ab\u00a0Modifier\u00a0\u00bb.<\/strong><\/p>","excerpt":"","slug":"paris-dans-la-litterature-yiddish-une-anthologie-sur-zoom","image":{"url":"https:\/\/programme.yiddish.paris\/wp-content\/uploads\/2021\/11\/Tsharni-Benn-EyflT-582x1024-1.png","id":2629,"extension":"png","width":582,"height":1024,"sizes":{"medium":{"width":171,"height":300,"mime-type":"image\/png","url":"https:\/\/programme.yiddish.paris\/wp-content\/uploads\/2021\/11\/Tsharni-Benn-EyflT-582x1024-1-171x300.png"},"thumbnail":{"width":150,"height":150,"mime-type":"image\/png","url":"https:\/\/programme.yiddish.paris\/wp-content\/uploads\/2021\/11\/Tsharni-Benn-EyflT-582x1024-1-150x150.png"},"twentyseventeen-thumbnail-avatar":{"width":100,"height":100,"mime-type":"image\/png","url":"https:\/\/programme.yiddish.paris\/wp-content\/uploads\/2021\/11\/Tsharni-Benn-EyflT-582x1024-1-100x100.png"},"menu-24x24":{"width":14,"height":24,"mime-type":"image\/png","url":"https:\/\/programme.yiddish.paris\/wp-content\/uploads\/2021\/11\/Tsharni-Benn-EyflT-582x1024-1-14x24.png"},"menu-28x28":{"width":16,"height":28,"mime-type":"image\/png","url":"https:\/\/programme.yiddish.paris\/wp-content\/uploads\/2021\/11\/Tsharni-Benn-EyflT-582x1024-1-16x28.png"},"menu-32x32":{"width":18,"height":32,"mime-type":"image\/png","url":"https:\/\/programme.yiddish.paris\/wp-content\/uploads\/2021\/11\/Tsharni-Benn-EyflT-582x1024-1-18x32.png"}}},"all_day":false,"start_date":"2022-01-29 18:00:00","start_date_details":{"year":"2022","month":"01","day":"29","hour":"18","minutes":"00","seconds":"00"},"end_date":"2022-01-29 19:30:00","end_date_details":{"year":"2022","month":"01","day":"29","hour":"19","minutes":"30","seconds":"00"},"utc_start_date":"2022-01-29 17:00:00","utc_start_date_details":{"year":"2022","month":"01","day":"29","hour":"17","minutes":"00","seconds":"00"},"utc_end_date":"2022-01-29 18:30:00","utc_end_date_details":{"year":"2022","month":"01","day":"29","hour":"18","minutes":"30","seconds":"00"},"timezone":"Europe\/Paris","timezone_abbr":"CET","cost":"","cost_details":{"currency_symbol":"","currency_code":"","currency_position":"prefix","values":[]},"website":"","show_map":true,"show_map_link":true,"hide_from_listings":false,"sticky":false,"featured":false,"categories":[{"name":"conf\u00e9rence","slug":"conference","term_group":0,"term_taxonomy_id":53,"taxonomy":"tribe_events_cat","description":"","parent":0,"count":105,"filter":"raw","id":53,"urls":{"self":"https:\/\/programme.yiddish.paris\/index.php?rest_route=\/tribe\/events\/v1\/categories\/53","collection":"https:\/\/programme.yiddish.paris\/index.php?rest_route=\/tribe\/events\/v1\/categories"}},{"name":"fran\u00e7ais","slug":"francais","term_group":0,"term_taxonomy_id":55,"taxonomy":"tribe_events_cat","description":"","parent":0,"count":147,"filter":"raw","id":55,"urls":{"self":"https:\/\/programme.yiddish.paris\/index.php?rest_route=\/tribe\/events\/v1\/categories\/55","collection":"https:\/\/programme.yiddish.paris\/index.php?rest_route=\/tribe\/events\/v1\/categories"}}],"tags":[],"venue":[],"organizer":[],"custom_fields":[],"json_ld":{"@context":"http:\/\/schema.org","@type":"Event","name":"Paris dans la litt\u00e9rature yiddish : une anthologie (sur Zoom)","description":"&lt;p&gt;Une nouvelle web-publication de la MCY Ville de r\u00eaves et de dure r\u00e9alit\u00e9, lieu de passage et terre d\u2019exil, espace \u00e9tranger et familier : Paris appara\u00eet dans la po\u00e9sie yiddish &hellip; &lt;\/p&gt;\\n&lt;p class=&quot;link-more&quot;&gt;&lt;a href=&quot;https:\/\/programme.yiddish.paris\/?tribe_events=paris-dans-la-litterature-yiddish-une-anthologie-sur-zoom&quot; class=&quot;more-link&quot;&gt;Continuer la lecture&lt;span class=&quot;screen-reader-text&quot;&gt; de &laquo;&nbsp;Paris dans la litt\u00e9rature yiddish : une anthologie (sur Zoom)&nbsp;&raquo;&lt;\/span&gt;&lt;\/a&gt;&lt;\/p&gt;\\n","image":"https:\/\/programme.yiddish.paris\/wp-content\/uploads\/2021\/11\/Tsharni-Benn-EyflT-582x1024-1.png","url":"https:\/\/programme.yiddish.paris\/?tribe_events=paris-dans-la-litterature-yiddish-une-anthologie-sur-zoom","eventAttendanceMode":"https:\/\/schema.org\/OfflineEventAttendanceMode","eventStatus":"https:\/\/schema.org\/EventScheduled","startDate":"2022-01-29T18:00:00+01:00","endDate":"2022-01-29T19:30:00+01:00","performer":"Organization"}}