{"id":2927,"global_id":"programme.yiddish.paris?id=2927","global_id_lineage":["programme.yiddish.paris?id=2927"],"author":"2","status":"publish","date":"2022-02-08 10:23:15","date_utc":"2022-02-08 09:23:15","modified":"2022-03-29 10:18:52","modified_utc":"2022-03-29 08:18:52","url":"https:\/\/programme.yiddish.paris\/?tribe_events=seminaire-mensuel-de-litterature-yiddish-sur-zoom-9","rest_url":"https:\/\/programme.yiddish.paris\/index.php?rest_route=\/tribe\/events\/v1\/events\/2927","title":"S\u00e9minaire mensuel de litt\u00e9rature yiddish (en yiddish, sur Zoom)","description":"<h2>Th\u00e8me : \u00c9crivains yiddish en Union sovi\u00e9tique<\/h2>\n<p><strong>S\u00e9minaire mensuel de litt\u00e9rature yiddish<\/strong>\u00a0sous la direction de\u00a0<strong>Yitskhok Niborski<\/strong>\u00a0et\u00a0<strong>Natalia Krynicka<\/strong>, avec la participation de\u00a0<strong>Sharon Bar-Kochva<\/strong>.<\/p>\n<p>Dans le cadre de la saison\u00a0<strong>La litt\u00e9rature yiddish en Union sovi\u00e9tique : 70e anniversaire du 12 ao\u00fbt 1952<\/strong><img loading=\"lazy\" decoding=\"async\" class=\"alignright wp-image-3157 size-thumbnail\" src=\"https:\/\/programme.yiddish.paris\/wp-content\/uploads\/2022\/03\/1952-2022_logo-150x150.jpg\" alt=\"\" width=\"150\" height=\"150\" srcset=\"https:\/\/programme.yiddish.paris\/wp-content\/uploads\/2022\/03\/1952-2022_logo-150x150.jpg 150w, https:\/\/programme.yiddish.paris\/wp-content\/uploads\/2022\/03\/1952-2022_logo-300x300.jpg 300w, https:\/\/programme.yiddish.paris\/wp-content\/uploads\/2022\/03\/1952-2022_logo-1024x1024.jpg 1024w, https:\/\/programme.yiddish.paris\/wp-content\/uploads\/2022\/03\/1952-2022_logo-768x768.jpg 768w, https:\/\/programme.yiddish.paris\/wp-content\/uploads\/2022\/03\/1952-2022_logo-100x100.jpg 100w, https:\/\/programme.yiddish.paris\/wp-content\/uploads\/2022\/03\/1952-2022_logo-24x24.jpg 24w, https:\/\/programme.yiddish.paris\/wp-content\/uploads\/2022\/03\/1952-2022_logo-28x28.jpg 28w, https:\/\/programme.yiddish.paris\/wp-content\/uploads\/2022\/03\/1952-2022_logo-32x32.jpg 32w, https:\/\/programme.yiddish.paris\/wp-content\/uploads\/2022\/03\/1952-2022_logo.jpg 1200w\" sizes=\"auto, (max-width: 150px) 100vw, 150px\" \/><\/p>\n<p><strong>09h30 \u2013 11h00 : Yitskhok Niborski<\/strong><br \/>\n<strong>11h30-13h00 : Sharon Bar-Kochva<\/strong><br \/>\n<strong>14h30-17h00 : Natalia Krynicka<\/strong><\/p>\n<p>Le s\u00e9minaire se d\u00e9roule en yiddish, sur Zoom.<\/p>\n<p><em>Tarif : 35 \u20ac. Adh\u00e9rents : 30 \u20ac*.<br \/>\n<a href=\"https:\/\/www.helloasso.com\/associations\/maison-de-la-culture-yiddish-bibliotheque-medem\/adhesions\/adhesion-en-ligne-a-la-maison-de-la-culture-yiddish-2021-2022\">*Adh\u00e9rez \u00e0 la Maison de la culture yiddish pour la saison 2021-2022<\/a>\u00a0et d\u00e9couvrez\u00a0<strong>le code promotionnel<\/strong>\u00a0qui vous donnera acc\u00e8s au\u00a0<strong>tarif r\u00e9duit<\/strong>\u00a0sur vos r\u00e9servations.<\/em><\/p>\n<p><a href=\"https:\/\/www.helloasso.com\/associations\/maison-de-la-culture-yiddish-bibliotheque-medem\/evenements\/2022-04\"><strong>Cliquez ici<\/strong><\/a>\u00a0pour r\u00e9server (r\u00e9servation obligatoire).<\/p>\n<p><strong>Attention : au moment du r\u00e8glement, la plateforme Helloassso vous proposera d\u2019ajouter une contribution \u00e0 son fonctionnement. Celle-ci est optionnelle, et vous pouvez changer son montant ou bien l\u2019annuler en appuyant sur le bouton \u00ab\u00a0Modifier\u00a0\u00bb.<\/strong><\/p>\n<h2 class=\"has-text-align-right\" style=\"text-align: right;\">\u05d7\u05d5\u05d3\u05e9\u05dc\u05e2\u05db\u05e2\u05e8 \u05e1\u05e2\u05de\u05d9\u05e0\u05d0\u05b7\u05e8 \u05e4\u05bf\u05d5\u05df \u05d9\u05d9\u05b4\u05d3\u05d9\u05e9\u05e2\u05e8 \u05dc\u05d9\u05d8\u05e2\u05e8\u05d0\u05b7\u05d8\u05d5\u05e8 \u05d0\u05d5\u05e0\u05d8\u05e2\u05e8 \u05d3\u05e2\u05e8 \u05d0\u05b8\u05e0\u05e4\u05bf\u05d9\u05e8\u05d5\u05e0\u05d2 \u05e4\u05bf\u05d5\u05df\u00a0<strong>\u05d9\u05e6\u05d7\u05e7 \u05e0\u05d9\u05d1\u05d0\u05b8\u05e8\u05e1\u05e7\u05d9<\/strong>\u00a0\u05d0\u05d5\u05df\u00a0<strong>\u05e0\u05d0\u05b7\u05d8\u05d0\u05b7\u05dc\u05d9\u05e2 \u05e7\u05e8\u05d9\u05e0\u05d9\u05e6\u05e7\u05d0\u05b7<\/strong><\/h2>\n<h3 class=\"has-text-align-right\" style=\"text-align: right;\">\u05d8\u05e2\u05de\u05e2 : \u05d9\u05d9\u05b4\u05d3\u05d9\u05e9\u05e2\u05e8 \u05e9\u05e8\u05f2\u05b7\u05d1\u05e2\u05e8 \u05d0\u05d9\u05df \u05e8\u05d0\u05b7\u05d8\u05df\u05be\u05e4\u05bf\u05d0\u05b7\u05e8\u05d1\u05d0\u05b7\u05e0\u05d3<\/h3>\n<p style=\"text-align: right;\"><strong>\u05d6\u05d5\u05e0\u05d8\u05d9\u05e7 \u05d3\u05e2\u05dd 3\u05d8\u05df \u05d0\u05b7\u05e4\u05bc\u05e8\u05d9\u05dc 2022, 9.30 \u2014 17.00 \u05d0\u05b7\u05d6\u05f3<\/strong><\/p>\n<p dir=\"rtl\"><strong>9.30 \u2013 11.00 \u05d0\u05b7\u05d6\u2019 : \u05d9\u05e6\u05d7\u05e7 \u05e0\u05d9\u05d1\u05d0\u05b8\u05e8\u05e1\u05e7\u05d9<\/strong><br \/>\n<strong>11.30 \u2013 13.00 \u05d0\u05b7\u05d6\u2019 : \u05e9\u05e8\u05d5\u05df \u05d1\u05e8\u05be\u05db\u05bc\u05d5\u05db\u05d1\u05bf\u05d0<\/strong><br \/>\n<strong>14.30 \u2013 17.00 \u05d0\u05b7\u05d6 : \u05e0\u05d0\u05b7\u05d8\u05d0\u05b7\u05dc\u05d9\u05e2 \u05e7\u05e8\u05d9\u05e0\u05d9\u05e6\u05e7\u05d0\u05b7<\/strong><\/p>\n<p dir=\"rtl\">\u05d3\u05e2\u05e8 \u05e1\u05e2\u05de\u05d9\u05e0\u05d0\u05b7\u05e8 \u05e7\u05d5\u05de\u05d8 \u05e4\u05bf\u05d0\u05b8\u05e8 \u05d0\u05d5\u05d9\u05e3 \u05d9\u05d9\u05b4\u05d3\u05d9\u05e9.<\/p>\n<p dir=\"rtl\">\u05d0\u05d5\u05d9\u05d1 \u05d0\u05d9\u05e8 \u05d4\u05d0\u05b8\u05d8 \u05e4\u05bf\u05e8\u05d0\u05b7\u05d2\u05e2\u05e1\u2009:\u00a0<a href=\"mailto:talmidim@yiddishweb.com\"><strong>talmidim@yiddishweb.com<\/strong><\/a><\/p>\n<p dir=\"rtl\">\u05de\u05e2 \u05d3\u05d0\u05b7\u05e8\u05e3 \u05d6\u05d9\u05da \u05d0\u05d5\u05de\u05d1\u05d0\u05b7\u05d3\u05d9\u05e0\u05d2\u05d8 \u05d0\u05f2\u05b7\u05e0\u05e9\u05e8\u05f2\u05b7\u05d1\u05df \u05d0\u05d9\u05df \u05e4\u05bf\u05d0\u05b8\u05e8\u05d5\u05d9\u05e1.<\/p>\n<h3 dir=\"rtl\"><strong><a href=\"https:\/\/www.helloasso.com\/associations\/maison-de-la-culture-yiddish-bibliotheque-medem\/evenements\/2022-04\">\u05d0\u05f2\u05b7\u05e0\u05e9\u05e8\u05f2\u05b7\u05d1\u05d5\u05e0\u05d2<\/a><\/strong><\/h3>\n<p dir=\"rtl\">\u05e9\u05b9\u05db\u05e8\u05be\u05dc\u05d9\u05de\u05d5\u05d3 : 35 \u05d0\u05d9\u05d9\u05e8\u05d0\u05b8\u05e1. \u05de\u05d9\u05d8\u05d2\u05dc\u05d9\u05d3\u05e2\u05e8* : 30 \u05d0\u05d9\u05d9\u05e8\u05d0\u05b8\u05e1.<\/p>\n<p dir=\"rtl\">*\u05d0\u05d5\u05d9\u05d1 \u05d0\u05d9\u05e8 \u05d5<a href=\"https:\/\/www.helloasso.com\/associations\/maison-de-la-culture-yiddish-bibliotheque-medem\/adhesions\/adhesion-en-ligne-a-la-maison-de-la-culture-yiddish-2021-2022\">\u05d5\u05e2\u05e8\u05d8 \u05d0\u05b7 \u05de\u05d9\u05d8\u05d2\u05dc\u05d9\u05d3 \u05d0\u05d9\u05e0\u05e2\u05dd \u05e4\u05bc\u05d0\u05b7\u05e8\u05d9\u05d6\u05e2\u05e8 \u05d9\u05d9\u05b4\u05d3\u05d9\u05e9\u05be\u05e6\u05e2\u05e0\u05d8\u05e2\u05e8 \u05e4\u05bf\u05d0\u05b7\u05e8\u05df \u05d9\u05d0\u05b8\u05e8\u00a0 2021-2022<\/a>, \u05d5\u05d5\u05e2\u05d8 \u05d0\u05d9\u05e8 \u05e7\u05e8\u05d9\u05d2\u05df \u05d0\u05b7 \u05d4\u05e0\u05d7\u05d4\u05be\u05e7\u05d0\u05b8\u05d3 \u05e4\u05bf\u05d0\u05b7\u05e8\u05df \u05de\u05d9\u05d8\u05d2\u05dc\u05d9\u05d3\u05e2\u05e8\u05be\u05e4\u05bc\u05e8\u05f2\u05b7\u05d6.<\/p>\n<p dir=\"rtl\"><strong>\u05d5\u05d5\u05e2\u05df \u05d0\u05d9\u05e8 \u05d5\u05d5\u05e2\u05d8 \u05d4\u05d0\u05b7\u05dc\u05d8\u05df \u05d1\u05f2\u05b7\u05dd \u05d1\u05d0\u05b7\u05e6\u05d0\u05b8\u05dc\u05df, \u05d5\u05d5\u05e2\u05d8 \u05d0\u05f2\u05b7\u05da \u00ab \u05d4\u05e2\u05dc\u05d0\u05b8\u05d0\u05b7\u05e1\u05d0\u05b8 \u00bb \u05e4\u05bf\u05d0\u05b8\u05e8\u05dc\u05d9\u05d9\u05d2\u05df \u05d0\u05b7 \u05e6\u05d5\u05d2\u05d0\u05b8\u05d1\u05be\u05e6\u05d5\u05e9\u05d8\u05f2\u05b7\u05e2\u05e8 \u05e4\u05bf\u05d0\u05b7\u05e8\u05df \u05e7\u05d9\u05d5\u05dd \u05e4\u05bf\u05d5\u05df \u05d3\u05e2\u05e8 \u05d3\u05d0\u05b8\u05d6\u05d9\u05e7\u05e2\u05e8 \u05e4\u05bc\u05dc\u05d0\u05b7\u05d8\u05e4\u05bf\u05d0\u05b8\u05e8\u05de\u05e2. \u05d3\u05d0\u05b8\u05e1 \u05d0\u05d9\u05d6 \u05d0\u05b8\u05e4\u05bc\u05e6\u05d9\u05d0\u05b8\u05e0\u05e2\u05dc : \u05d0\u05d9\u05e8 \u05e7\u05e2\u05e0\u05d8 \u05d1\u05f2\u05b7\u05d8\u05df \u05d3\u05d9 \u05e1\u05d5\u05de\u05e2 \u05d0\u05b8\u05d3\u05e2\u05e8 \u05d0\u05b7\u05e0\u05d5\u05dc\u05d9\u05e8\u05df \u05d3\u05e2\u05dd \u05e6\u05d5\u05e9\u05d8\u05f2\u05b7\u05e2\u05e8 \u05de\u05d9\u05d8\u05df \u05e7\u05e0\u05e2\u05e4\u05bc\u05dc \u00ab\u00a0Modifier\u00a0\u00bb.\u00a0<\/strong><\/p>","excerpt":"","slug":"seminaire-mensuel-de-litterature-yiddish-sur-zoom-9","image":{"url":"https:\/\/programme.yiddish.paris\/wp-content\/uploads\/2022\/02\/Antifashistisher-komitet.jpeg","id":2928,"extension":"jpeg","width":660,"height":371,"sizes":{"medium":{"width":300,"height":169,"mime-type":"image\/jpeg","url":"https:\/\/programme.yiddish.paris\/wp-content\/uploads\/2022\/02\/Antifashistisher-komitet-300x169.jpeg"},"thumbnail":{"width":150,"height":150,"mime-type":"image\/jpeg","url":"https:\/\/programme.yiddish.paris\/wp-content\/uploads\/2022\/02\/Antifashistisher-komitet-150x150.jpeg"},"twentyseventeen-thumbnail-avatar":{"width":100,"height":100,"mime-type":"image\/jpeg","url":"https:\/\/programme.yiddish.paris\/wp-content\/uploads\/2022\/02\/Antifashistisher-komitet-100x100.jpeg"},"menu-24x24":{"width":24,"height":13,"mime-type":"image\/jpeg","url":"https:\/\/programme.yiddish.paris\/wp-content\/uploads\/2022\/02\/Antifashistisher-komitet-24x13.jpeg"},"menu-28x28":{"width":28,"height":16,"mime-type":"image\/jpeg","url":"https:\/\/programme.yiddish.paris\/wp-content\/uploads\/2022\/02\/Antifashistisher-komitet-28x16.jpeg"},"menu-32x32":{"width":32,"height":18,"mime-type":"image\/jpeg","url":"https:\/\/programme.yiddish.paris\/wp-content\/uploads\/2022\/02\/Antifashistisher-komitet-32x18.jpeg"}}},"all_day":false,"start_date":"2022-04-03 09:30:00","start_date_details":{"year":"2022","month":"04","day":"03","hour":"09","minutes":"30","seconds":"00"},"end_date":"2022-04-03 17:00:00","end_date_details":{"year":"2022","month":"04","day":"03","hour":"17","minutes":"00","seconds":"00"},"utc_start_date":"2022-04-03 07:30:00","utc_start_date_details":{"year":"2022","month":"04","day":"03","hour":"07","minutes":"30","seconds":"00"},"utc_end_date":"2022-04-03 15:00:00","utc_end_date_details":{"year":"2022","month":"04","day":"03","hour":"15","minutes":"00","seconds":"00"},"timezone":"Europe\/Paris","timezone_abbr":"CEST","cost":"","cost_details":{"currency_symbol":"","currency_code":"","currency_position":"prefix","values":[]},"website":"","show_map":true,"show_map_link":true,"hide_from_listings":false,"sticky":false,"featured":false,"categories":[{"name":"s\u00e9minaire","slug":"seminaire","term_group":0,"term_taxonomy_id":45,"taxonomy":"tribe_events_cat","description":"","parent":0,"count":66,"filter":"raw","id":45,"urls":{"self":"https:\/\/programme.yiddish.paris\/index.php?rest_route=\/tribe\/events\/v1\/categories\/45","collection":"https:\/\/programme.yiddish.paris\/index.php?rest_route=\/tribe\/events\/v1\/categories"}},{"name":"yiddish","slug":"yiddish","term_group":0,"term_taxonomy_id":56,"taxonomy":"tribe_events_cat","description":"","parent":0,"count":257,"filter":"raw","id":56,"urls":{"self":"https:\/\/programme.yiddish.paris\/index.php?rest_route=\/tribe\/events\/v1\/categories\/56","collection":"https:\/\/programme.yiddish.paris\/index.php?rest_route=\/tribe\/events\/v1\/categories"}}],"tags":[],"venue":[],"organizer":[],"custom_fields":[],"json_ld":{"@context":"http:\/\/schema.org","@type":"Event","name":"S\u00e9minaire mensuel de litt\u00e9rature yiddish (en yiddish, sur Zoom)","description":"&lt;p&gt;Th\u00e8me : \u00c9crivains yiddish en Union sovi\u00e9tique S\u00e9minaire mensuel de litt\u00e9rature yiddish\u00a0sous la direction de\u00a0Yitskhok Niborski\u00a0et\u00a0Natalia Krynicka, avec la participation de\u00a0Sharon Bar-Kochva. Dans le cadre de la saison\u00a0La litt\u00e9rature yiddish &hellip; &lt;\/p&gt;\\n&lt;p class=&quot;link-more&quot;&gt;&lt;a href=&quot;https:\/\/programme.yiddish.paris\/?tribe_events=seminaire-mensuel-de-litterature-yiddish-sur-zoom-9&quot; class=&quot;more-link&quot;&gt;Continuer la lecture&lt;span class=&quot;screen-reader-text&quot;&gt; de &laquo;&nbsp;S\u00e9minaire mensuel de litt\u00e9rature yiddish (en yiddish, sur Zoom)&nbsp;&raquo;&lt;\/span&gt;&lt;\/a&gt;&lt;\/p&gt;\\n","image":"https:\/\/programme.yiddish.paris\/wp-content\/uploads\/2022\/02\/Antifashistisher-komitet.jpeg","url":"https:\/\/programme.yiddish.paris\/?tribe_events=seminaire-mensuel-de-litterature-yiddish-sur-zoom-9","eventAttendanceMode":"https:\/\/schema.org\/OfflineEventAttendanceMode","eventStatus":"https:\/\/schema.org\/EventScheduled","startDate":"2022-04-03T09:30:00+02:00","endDate":"2022-04-03T17:00:00+02:00","performer":"Organization"}}