{"id":3048,"global_id":"programme.yiddish.paris?id=3048","global_id_lineage":["programme.yiddish.paris?id=3048"],"author":"2","status":"publish","date":"2022-03-01 12:12:23","date_utc":"2022-03-01 11:12:23","modified":"2022-03-01 12:26:53","modified_utc":"2022-03-01 11:26:53","url":"https:\/\/programme.yiddish.paris\/?tribe_events=hors-les-murs-vernissage-de-babylone-a-new-york-metamorphoses-du-pourim-shpil","rest_url":"https:\/\/programme.yiddish.paris\/index.php?rest_route=\/tribe\/events\/v1\/events\/3048","title":"Hors les murs : vernissage \u00ab De Babylone \u00e0 New York, M\u00e9tamorphoses du Pourim shpil \u00bb","description":"<h2>\u00ab De Babylone \u00e0 New York, M\u00e9tamorphoses du Pourim shpil \u00bb : l\u2019exposition organis\u00e9e par le Collectif Pourim shpil<\/h2>\n<h3 class=\"p1\">\u00c0 la Mairie Paris Centre, du jeudi 10 mars au 12 mars inclus.<\/h3>\n<p class=\"p1\">Vernissage <strong>vendredi 11 mars \u00e0 18h<\/strong><\/p>\n<p><span style=\"color: #ff0000;\"><strong>Mairie Paris Centre<\/strong><\/span><br \/>\n<span style=\"color: #ff0000;\"><strong>2 Rue Eug\u00e8ne Spuller<\/strong><\/span><br \/>\n<span style=\"color: #ff0000;\"><strong>75003 Paris<\/strong><\/span><\/p>\n<p class=\"p1\">Avec projections d\u2019extraits de pi\u00e8ces, musique et chansons. Cocktail si la situation sanitaire l\u2019autorise.<\/p>\n<p class=\"p1\">Apparu au XVIIe si\u00e8cle dans les communaut\u00e9s yiddishophones d\u2019Europe, le Pourim shpil est la premi\u00e8re forme de th\u00e9\u00e2tre yiddish. \u00c0 l\u2019origine c\u2019est une sayn\u00e8te jou\u00e9e par des acteurs improvis\u00e9s \u00e0 l\u2019occasion de la f\u00eate de Pourim qui comm\u00e9more le sauvetage des Juifs par Esther au temps d\u2019Assu\u00e9rus et s\u2019accompagne de joyeuses manifestations carnavalesques. Le Pourim shpill se caract\u00e9rise par la satire et la transgression et trouve souvent son inspiration dans l\u2019actualit\u00e9 des communaut\u00e9s juives.<\/p>\n<p class=\"p1\">Les quinze panneaux de cette exposition retracent l\u2019\u00e9volution du Pourim shpil en montrant l\u2019\u00e9volution de ses formes et ses liens avec le th\u00e9\u00e2tre jusqu\u2019\u00e0 aujourd\u2019hui.<\/p>\n<p class=\"p1\">Cr\u00e9\u00e9e en 2012 le Collectif Pourim shpil a pour but de faire inscrire le Pourim shpil au Patrimoine culturel immat\u00e9riel de l\u2019UNESCO. En 2016, une \u00e9tape a \u00e9t\u00e9 franchie : le Pourim shpil a fait son apparition dans la liste du patrimoine culturel immat\u00e9riel en France sur le site du minist\u00e8re de la Culture.<\/p>\n<p class=\"p1\">Le Collectif s\u2019est constitu\u00e9 autour de quatre associations : l\u2019AACCE Association des amis de la Commission centrale de l\u2019enfance, le Centre Medem \u2013 Arbeter Ring, le Cercle Bernard Lazare et la Maison de la culture yiddish, auxquelles se sont jointes Aki Estamos, Al Syete, Yiddish pour tous.<\/p>\n<p class=\"p1\">L\u2019exposition continuera :<\/p>\n<ul>\n<li class=\"p1\">du 15 au 31 mars au Centre Medem \u2013 Arbeter-Ring<\/li>\n<li class=\"p1\">du <strong>2 au 16 avril<\/strong> \u00e0 la <strong>Maison de la culture yiddish \u2013 Biblioth\u00e8que Medem<\/strong>, aux heures d&rsquo;ouverture de la Maison.<\/li>\n<\/ul>","excerpt":"","slug":"hors-les-murs-vernissage-de-babylone-a-new-york-metamorphoses-du-pourim-shpil","image":{"url":"https:\/\/programme.yiddish.paris\/wp-content\/uploads\/2022\/03\/pourim-shpil-fl.png","id":3049,"extension":"png","width":1750,"height":1046,"sizes":{"medium":{"width":300,"height":179,"mime-type":"image\/png","url":"https:\/\/programme.yiddish.paris\/wp-content\/uploads\/2022\/03\/pourim-shpil-fl-300x179.png"},"large":{"width":1024,"height":612,"mime-type":"image\/png","url":"https:\/\/programme.yiddish.paris\/wp-content\/uploads\/2022\/03\/pourim-shpil-fl-1024x612.png"},"thumbnail":{"width":150,"height":150,"mime-type":"image\/png","url":"https:\/\/programme.yiddish.paris\/wp-content\/uploads\/2022\/03\/pourim-shpil-fl-150x150.png"},"medium_large":{"width":768,"height":459,"mime-type":"image\/png","url":"https:\/\/programme.yiddish.paris\/wp-content\/uploads\/2022\/03\/pourim-shpil-fl-768x459.png"},"1536x1536":{"width":1536,"height":918,"mime-type":"image\/png","url":"https:\/\/programme.yiddish.paris\/wp-content\/uploads\/2022\/03\/pourim-shpil-fl-1536x918.png"},"twentyseventeen-thumbnail-avatar":{"width":100,"height":100,"mime-type":"image\/png","url":"https:\/\/programme.yiddish.paris\/wp-content\/uploads\/2022\/03\/pourim-shpil-fl-100x100.png"},"menu-24x24":{"width":24,"height":14,"mime-type":"image\/png","url":"https:\/\/programme.yiddish.paris\/wp-content\/uploads\/2022\/03\/pourim-shpil-fl-24x14.png"},"menu-28x28":{"width":28,"height":17,"mime-type":"image\/png","url":"https:\/\/programme.yiddish.paris\/wp-content\/uploads\/2022\/03\/pourim-shpil-fl-28x17.png"},"menu-32x32":{"width":32,"height":19,"mime-type":"image\/png","url":"https:\/\/programme.yiddish.paris\/wp-content\/uploads\/2022\/03\/pourim-shpil-fl-32x19.png"}}},"all_day":false,"start_date":"2022-03-11 18:00:00","start_date_details":{"year":"2022","month":"03","day":"11","hour":"18","minutes":"00","seconds":"00"},"end_date":"2022-03-11 19:00:00","end_date_details":{"year":"2022","month":"03","day":"11","hour":"19","minutes":"00","seconds":"00"},"utc_start_date":"2022-03-11 17:00:00","utc_start_date_details":{"year":"2022","month":"03","day":"11","hour":"17","minutes":"00","seconds":"00"},"utc_end_date":"2022-03-11 18:00:00","utc_end_date_details":{"year":"2022","month":"03","day":"11","hour":"18","minutes":"00","seconds":"00"},"timezone":"Europe\/Paris","timezone_abbr":"CET","cost":"","cost_details":{"currency_symbol":"","currency_code":"","currency_position":"prefix","values":[]},"website":"","show_map":true,"show_map_link":true,"hide_from_listings":false,"sticky":false,"featured":false,"categories":[{"name":"exposition","slug":"exposition","term_group":0,"term_taxonomy_id":76,"taxonomy":"tribe_events_cat","description":"","parent":0,"count":6,"filter":"raw","id":76,"urls":{"self":"https:\/\/programme.yiddish.paris\/index.php?rest_route=\/tribe\/events\/v1\/categories\/76","collection":"https:\/\/programme.yiddish.paris\/index.php?rest_route=\/tribe\/events\/v1\/categories"}},{"name":"hors les murs","slug":"hors-les-murs","term_group":0,"term_taxonomy_id":52,"taxonomy":"tribe_events_cat","description":"","parent":0,"count":24,"filter":"raw","id":52,"urls":{"self":"https:\/\/programme.yiddish.paris\/index.php?rest_route=\/tribe\/events\/v1\/categories\/52","collection":"https:\/\/programme.yiddish.paris\/index.php?rest_route=\/tribe\/events\/v1\/categories"}}],"tags":[],"venue":[],"organizer":[],"custom_fields":[],"json_ld":{"@context":"http:\/\/schema.org","@type":"Event","name":"Hors les murs : vernissage \u00ab De Babylone \u00e0 New York, M\u00e9tamorphoses du Pourim shpil \u00bb","description":"&lt;p&gt;\u00ab De Babylone \u00e0 New York, M\u00e9tamorphoses du Pourim shpil \u00bb : l\u2019exposition organis\u00e9e par le Collectif Pourim shpil \u00c0 la Mairie Paris Centre, du jeudi 10 mars au 12 &hellip; &lt;\/p&gt;\\n&lt;p class=&quot;link-more&quot;&gt;&lt;a href=&quot;https:\/\/programme.yiddish.paris\/?tribe_events=hors-les-murs-vernissage-de-babylone-a-new-york-metamorphoses-du-pourim-shpil&quot; class=&quot;more-link&quot;&gt;Continuer la lecture&lt;span class=&quot;screen-reader-text&quot;&gt; de &laquo;&nbsp;Hors les murs : vernissage \u00ab De Babylone \u00e0 New York, M\u00e9tamorphoses du Pourim shpil \u00bb&nbsp;&raquo;&lt;\/span&gt;&lt;\/a&gt;&lt;\/p&gt;\\n","image":"https:\/\/programme.yiddish.paris\/wp-content\/uploads\/2022\/03\/pourim-shpil-fl.png","url":"https:\/\/programme.yiddish.paris\/?tribe_events=hors-les-murs-vernissage-de-babylone-a-new-york-metamorphoses-du-pourim-shpil","eventAttendanceMode":"https:\/\/schema.org\/OfflineEventAttendanceMode","eventStatus":"https:\/\/schema.org\/EventScheduled","startDate":"2022-03-11T18:00:00+01:00","endDate":"2022-03-11T19:00:00+01:00","performer":"Organization"}}