{"id":3281,"global_id":"programme.yiddish.paris?id=3281","global_id_lineage":["programme.yiddish.paris?id=3281"],"author":"2","status":"publish","date":"2022-06-03 10:08:23","date_utc":"2022-06-03 08:08:23","modified":"2022-06-03 11:06:49","modified_utc":"2022-06-03 09:06:49","url":"https:\/\/programme.yiddish.paris\/?tribe_events=hors-les-murs-rencontre-des-chorales","rest_url":"https:\/\/programme.yiddish.paris\/index.php?rest_route=\/tribe\/events\/v1\/events\/3281","title":"Hors les murs : Rencontre des chorales","description":"<p>Dans le cadre du\u00a0<strong>Festival des cultures juives<\/strong>.<\/p>\n<p><img loading=\"lazy\" decoding=\"async\" class=\"alignnone size-medium wp-image-3066\" src=\"https:\/\/programme.yiddish.paris\/wp-content\/uploads\/2022\/03\/cropped-banniere-1920x275_V24-300x43.jpeg\" sizes=\"auto, (max-width: 300px) 100vw, 300px\" srcset=\"https:\/\/programme.yiddish.paris\/wp-content\/uploads\/2022\/03\/cropped-banniere-1920x275_V24-300x43.jpeg 300w, https:\/\/programme.yiddish.paris\/wp-content\/uploads\/2022\/03\/cropped-banniere-1920x275_V24-1024x146.jpeg 1024w, https:\/\/programme.yiddish.paris\/wp-content\/uploads\/2022\/03\/cropped-banniere-1920x275_V24-768x110.jpeg 768w, https:\/\/programme.yiddish.paris\/wp-content\/uploads\/2022\/03\/cropped-banniere-1920x275_V24-24x3.jpeg 24w, https:\/\/programme.yiddish.paris\/wp-content\/uploads\/2022\/03\/cropped-banniere-1920x275_V24-28x4.jpeg 28w, https:\/\/programme.yiddish.paris\/wp-content\/uploads\/2022\/03\/cropped-banniere-1920x275_V24-32x5.jpeg 32w, https:\/\/programme.yiddish.paris\/wp-content\/uploads\/2022\/03\/cropped-banniere-1920x275_V24.jpeg 1140w\" alt=\"\" width=\"300\" height=\"43\" \/><\/p>\n<p class=\"p1\">La Rencontre des Chorales est un grand moment de bonheur partag\u00e9, une <span class=\"s1\">parenth\u00e8se heureuse, \u00e0 l\u2019\u00e9coute de chants yiddish, h\u00e9breux, jud\u00e9o-espagnols, fran\u00e7ais\u2026. Au cours de cette journ\u00e9e, <strong>Shura Lipovsky<\/strong> \u00e0 la t\u00eate de <strong>Tshiribim<\/strong>, la chorale de la Maison de la culture yiddish vous proposera (<strong>vers 15:00<\/strong>) quelques-unes de ses compositions r\u00e9centes et des chansons du r\u00e9pertoire yiddish traditionnel.<\/span><\/p>\n<p class=\"p3\"><span style=\"color: #ff0000;\"><strong>Salle Olympe de Gouges<\/strong><\/span><br \/>\n<span style=\"color: #ff0000;\"><strong>15, rue Merlin<\/strong><\/span><br \/>\n<span style=\"color: #ff0000;\"><strong>75011 Paris<\/strong><\/span><\/p>\n<p class=\"p5\"><span class=\"s2\"><a href=\"https:\/\/www.festivaldesculturesjuives.org\/evenement\/le-chant-premier-des-heritages\/\"><b>En savoir plus<\/b>\u00a0<\/a><\/span>|\u00a0<a href=\"https:\/\/www.festivaldesculturesjuives.org\/billetterie\/\"><span class=\"s2\"><b>R\u00e9servation<\/b><\/span><\/a><\/p>","excerpt":"","slug":"hors-les-murs-rencontre-des-chorales","image":{"url":"https:\/\/programme.yiddish.paris\/wp-content\/uploads\/2022\/06\/Festival-2022-Rencontres-chorales.jpg","id":3282,"extension":"jpg","width":1536,"height":1028,"filesize":342460,"sizes":{"medium":{"width":300,"height":201,"mime-type":"image\/jpeg","filesize":27243,"url":"https:\/\/programme.yiddish.paris\/wp-content\/uploads\/2022\/06\/Festival-2022-Rencontres-chorales-300x201.jpg"},"large":{"width":1024,"height":685,"mime-type":"image\/jpeg","filesize":179090,"url":"https:\/\/programme.yiddish.paris\/wp-content\/uploads\/2022\/06\/Festival-2022-Rencontres-chorales-1024x685.jpg"},"thumbnail":{"width":150,"height":150,"mime-type":"image\/jpeg","filesize":13442,"url":"https:\/\/programme.yiddish.paris\/wp-content\/uploads\/2022\/06\/Festival-2022-Rencontres-chorales-150x150.jpg"},"medium_large":{"width":768,"height":514,"mime-type":"image\/jpeg","filesize":113834,"url":"https:\/\/programme.yiddish.paris\/wp-content\/uploads\/2022\/06\/Festival-2022-Rencontres-chorales-768x514.jpg"},"twentyseventeen-thumbnail-avatar":{"width":100,"height":100,"mime-type":"image\/jpeg","filesize":8741,"url":"https:\/\/programme.yiddish.paris\/wp-content\/uploads\/2022\/06\/Festival-2022-Rencontres-chorales-100x100.jpg"},"menu-24x24":{"width":24,"height":16,"mime-type":"image\/jpeg","filesize":4683,"url":"https:\/\/programme.yiddish.paris\/wp-content\/uploads\/2022\/06\/Festival-2022-Rencontres-chorales-24x16.jpg"},"menu-28x28":{"width":28,"height":19,"mime-type":"image\/jpeg","filesize":4829,"url":"https:\/\/programme.yiddish.paris\/wp-content\/uploads\/2022\/06\/Festival-2022-Rencontres-chorales-28x19.jpg"},"menu-32x32":{"width":32,"height":21,"mime-type":"image\/jpeg","filesize":4836,"url":"https:\/\/programme.yiddish.paris\/wp-content\/uploads\/2022\/06\/Festival-2022-Rencontres-chorales-32x21.jpg"}}},"all_day":false,"start_date":"2022-06-26 11:45:00","start_date_details":{"year":"2022","month":"06","day":"26","hour":"11","minutes":"45","seconds":"00"},"end_date":"2022-06-26 18:00:00","end_date_details":{"year":"2022","month":"06","day":"26","hour":"18","minutes":"00","seconds":"00"},"utc_start_date":"2022-06-26 09:45:00","utc_start_date_details":{"year":"2022","month":"06","day":"26","hour":"09","minutes":"45","seconds":"00"},"utc_end_date":"2022-06-26 16:00:00","utc_end_date_details":{"year":"2022","month":"06","day":"26","hour":"16","minutes":"00","seconds":"00"},"timezone":"Europe\/Paris","timezone_abbr":"CEST","cost":"","cost_details":{"currency_symbol":"","currency_code":"","currency_position":"prefix","values":[]},"website":"","show_map":true,"show_map_link":true,"hide_from_listings":false,"sticky":false,"featured":false,"categories":[{"name":"hors les murs","slug":"hors-les-murs","term_group":0,"term_taxonomy_id":52,"taxonomy":"tribe_events_cat","description":"","parent":0,"count":24,"filter":"raw","id":52,"urls":{"self":"https:\/\/programme.yiddish.paris\/index.php?rest_route=\/tribe\/events\/v1\/categories\/52","collection":"https:\/\/programme.yiddish.paris\/index.php?rest_route=\/tribe\/events\/v1\/categories"}}],"tags":[],"venue":[],"organizer":[],"custom_fields":[],"json_ld":{"@context":"http:\/\/schema.org","@type":"Event","name":"Hors les murs : Rencontre des chorales","description":"&lt;p&gt;Dans le cadre du\u00a0Festival des cultures juives. La Rencontre des Chorales est un grand moment de bonheur partag\u00e9, une parenth\u00e8se heureuse, \u00e0 l\u2019\u00e9coute de chants yiddish, h\u00e9breux, jud\u00e9o-espagnols, fran\u00e7ais\u2026. Au &hellip; &lt;\/p&gt;\\n&lt;p class=&quot;link-more&quot;&gt;&lt;a href=&quot;https:\/\/programme.yiddish.paris\/?tribe_events=hors-les-murs-rencontre-des-chorales&quot; class=&quot;more-link&quot;&gt;Continuer la lecture&lt;span class=&quot;screen-reader-text&quot;&gt; de &laquo;&nbsp;Hors les murs : Rencontre des chorales&nbsp;&raquo;&lt;\/span&gt;&lt;\/a&gt;&lt;\/p&gt;\\n","image":"https:\/\/programme.yiddish.paris\/wp-content\/uploads\/2022\/06\/Festival-2022-Rencontres-chorales.jpg","url":"https:\/\/programme.yiddish.paris\/?tribe_events=hors-les-murs-rencontre-des-chorales","eventAttendanceMode":"https:\/\/schema.org\/OfflineEventAttendanceMode","eventStatus":"https:\/\/schema.org\/EventScheduled","startDate":"2022-06-26T11:45:00+02:00","endDate":"2022-06-26T18:00:00+02:00","performer":"Organization"}}