{"id":3312,"global_id":"programme.yiddish.paris?id=3312","global_id_lineage":["programme.yiddish.paris?id=3312"],"author":"2","status":"publish","date":"2022-06-07 12:02:24","date_utc":"2022-06-07 10:02:24","modified":"2022-06-19 21:44:24","modified_utc":"2022-06-19 19:44:24","url":"https:\/\/programme.yiddish.paris\/?tribe_events=promenade-a-travers-la-culture-yiddish-pour-les-enfants-de-4-a-12-ans","rest_url":"https:\/\/programme.yiddish.paris\/index.php?rest_route=\/tribe\/events\/v1\/events\/3312","title":"Promenade \u00e0 travers la culture yiddish pour les enfants de 4 \u00e0 12 ans","description":"<h3 class=\"p1\"><img loading=\"lazy\" decoding=\"async\" class=\"wp-image-3371 alignright\" src=\"https:\/\/programme.yiddish.paris\/wp-content\/uploads\/2022\/06\/Journe\u0301e-europe\u0301enne-300x132.jpg\" alt=\"\" width=\"266\" height=\"117\" srcset=\"https:\/\/programme.yiddish.paris\/wp-content\/uploads\/2022\/06\/Journe\u0301e-europe\u0301enne-300x132.jpg 300w, https:\/\/programme.yiddish.paris\/wp-content\/uploads\/2022\/06\/Journe\u0301e-europe\u0301enne-24x11.jpg 24w, https:\/\/programme.yiddish.paris\/wp-content\/uploads\/2022\/06\/Journe\u0301e-europe\u0301enne-28x12.jpg 28w, https:\/\/programme.yiddish.paris\/wp-content\/uploads\/2022\/06\/Journe\u0301e-europe\u0301enne-32x14.jpg 32w, https:\/\/programme.yiddish.paris\/wp-content\/uploads\/2022\/06\/Journe\u0301e-europe\u0301enne.jpg 400w\" sizes=\"auto, (max-width: 266px) 100vw, 266px\" \/>Dans le cadre des Journ\u00e9es Europ\u00e9ennes de la Culture et du Patrimoine Juifs en France<\/h3>\n<p class=\"p2\"><em> Th\u00e8me : le Renouveau <\/em><\/p>\n<p class=\"p4\">Apr\u00e8s-midi anim\u00e9e par <strong>Marthe Desrosi\u00e8res<\/strong> et <strong>Valentina Fedchenko<\/strong>.<\/p>\n<p class=\"p5\"><b>14h30 &#8211; 15h15<br \/>\n<\/b>Les enfants seront invit\u00e9s \u00e0 participer selon leur envie \u00e0 trois ateliers ludiques : comptines yiddish,<span class=\"Apple-converted-space\">\u00a0<\/span>l&rsquo;<em>alef-beys<\/em> (l\u2019alphabet) en s&rsquo;amusant , jeux de soci\u00e9t\u00e9 en yiddish.<\/p>\n<p class=\"p5\"><b>15h15 &#8211; 16h<\/b><b><br \/>\n<\/b>Apr\u00e8s avoir \u00e9cout\u00e9 un conte, les enfants peindront ensemble une grande fresque o\u00f9 ils exprimeront ce que l\u2019histoire leur aura inspir\u00e9.<\/p>\n<p class=\"p6\"><b>16h &#8211; 16h30<br \/>\n<\/b>Go\u00fbter : une autre fa\u00e7on d\u2019appr\u00e9cier les saveurs du yiddish.<\/p>\n<p class=\"p6\"><b>16h30 &#8211; 17h30<br \/>\n<\/b>Grand bal anim\u00e9 par les Klezmorimlekh : enfants et adultes se r\u00e9uniront pour danser.<\/p>\n<p class=\"p4\"><em>Tarif : 5 \u20ac par enfant, entr\u00e9e libre pour les accompagnateurs. Entr\u00e9e libre pour les enfants de la Kindershul.<\/em><\/p>\n<p id=\"block-2ba98dcd-5f13-4105-b07b-0b0692c4fa6f\"><a href=\"https:\/\/www.helloasso.com\/associations\/maison-de-la-culture-yiddish-bibliotheque-medem\/evenements\/2022-09\"><strong>Cliquez ici<\/strong><\/a>\u00a0pour r\u00e9server (r\u00e9servation obligatoire).<\/p>\n<p id=\"block-02374118-74c5-4bea-b761-3a9a73091b35\"><strong>Attention : au moment du r\u00e8glement, la plateforme Helloasso vous proposera d\u2019ajouter une contribution \u00e0 son fonctionnement. Celle-ci est optionnelle, et vous pouvez changer son montant ou bien l\u2019annuler en appuyant sur le bouton \u00ab Modifier \u00bb.<\/strong><\/p>","excerpt":"","slug":"promenade-a-travers-la-culture-yiddish-pour-les-enfants-de-4-a-12-ans","image":{"url":"https:\/\/programme.yiddish.paris\/wp-content\/uploads\/2022\/06\/kindershul-e1655459452752.jpg","id":3373,"extension":"jpg","width":1280,"height":886,"filesize":259761,"sizes":{"medium":{"width":300,"height":208,"mime-type":"image\/jpeg","filesize":17832,"url":"https:\/\/programme.yiddish.paris\/wp-content\/uploads\/2022\/06\/kindershul-e1655459452752-300x208.jpg"},"large":{"width":1024,"height":709,"mime-type":"image\/jpeg","filesize":120206,"url":"https:\/\/programme.yiddish.paris\/wp-content\/uploads\/2022\/06\/kindershul-e1655459452752-1024x709.jpg"},"thumbnail":{"width":150,"height":150,"mime-type":"image\/jpeg","filesize":7862,"url":"https:\/\/programme.yiddish.paris\/wp-content\/uploads\/2022\/06\/kindershul-e1655459452752-150x150.jpg"},"medium_large":{"width":768,"height":532,"mime-type":"image\/jpeg","filesize":78285,"url":"https:\/\/programme.yiddish.paris\/wp-content\/uploads\/2022\/06\/kindershul-e1655459452752-768x532.jpg"},"twentyseventeen-thumbnail-avatar":{"width":100,"height":100,"mime-type":"image\/jpeg","filesize":4229,"url":"https:\/\/programme.yiddish.paris\/wp-content\/uploads\/2022\/06\/kindershul-e1655459452752-100x100.jpg"},"menu-24x24":{"width":24,"height":17,"mime-type":"image\/jpeg","filesize":535,"url":"https:\/\/programme.yiddish.paris\/wp-content\/uploads\/2022\/06\/kindershul-e1655459452752-24x17.jpg"},"menu-28x28":{"width":28,"height":19,"mime-type":"image\/jpeg","filesize":623,"url":"https:\/\/programme.yiddish.paris\/wp-content\/uploads\/2022\/06\/kindershul-e1655459452752-28x19.jpg"},"menu-32x32":{"width":32,"height":22,"mime-type":"image\/jpeg","filesize":653,"url":"https:\/\/programme.yiddish.paris\/wp-content\/uploads\/2022\/06\/kindershul-e1655459452752-32x22.jpg"}}},"all_day":false,"start_date":"2022-09-18 14:30:00","start_date_details":{"year":"2022","month":"09","day":"18","hour":"14","minutes":"30","seconds":"00"},"end_date":"2022-09-18 17:30:00","end_date_details":{"year":"2022","month":"09","day":"18","hour":"17","minutes":"30","seconds":"00"},"utc_start_date":"2022-09-18 12:30:00","utc_start_date_details":{"year":"2022","month":"09","day":"18","hour":"12","minutes":"30","seconds":"00"},"utc_end_date":"2022-09-18 15:30:00","utc_end_date_details":{"year":"2022","month":"09","day":"18","hour":"15","minutes":"30","seconds":"00"},"timezone":"Europe\/Paris","timezone_abbr":"CEST","cost":"","cost_details":{"currency_symbol":"","currency_code":"","currency_position":"prefix","values":[]},"website":"","show_map":true,"show_map_link":true,"hide_from_listings":false,"sticky":false,"featured":false,"categories":[{"name":"jeunesse","slug":"jeunesse","term_group":0,"term_taxonomy_id":60,"taxonomy":"tribe_events_cat","description":"","parent":0,"count":9,"filter":"raw","id":60,"urls":{"self":"https:\/\/programme.yiddish.paris\/index.php?rest_route=\/tribe\/events\/v1\/categories\/60","collection":"https:\/\/programme.yiddish.paris\/index.php?rest_route=\/tribe\/events\/v1\/categories"}}],"tags":[],"venue":[],"organizer":[],"custom_fields":[],"json_ld":{"@context":"http:\/\/schema.org","@type":"Event","name":"Promenade \u00e0 travers la culture yiddish pour les enfants de 4 \u00e0 12 ans","description":"&lt;p&gt;Dans le cadre des Journ\u00e9es Europ\u00e9ennes de la Culture et du Patrimoine Juifs en France Th\u00e8me : le Renouveau Apr\u00e8s-midi anim\u00e9e par Marthe Desrosi\u00e8res et Valentina Fedchenko. 14h30 - 15h15 &hellip; &lt;\/p&gt;\\n&lt;p class=&quot;link-more&quot;&gt;&lt;a href=&quot;https:\/\/programme.yiddish.paris\/?tribe_events=promenade-a-travers-la-culture-yiddish-pour-les-enfants-de-4-a-12-ans&quot; class=&quot;more-link&quot;&gt;Continuer la lecture&lt;span class=&quot;screen-reader-text&quot;&gt; de &laquo;&nbsp;Promenade \u00e0 travers la culture yiddish pour les enfants de 4 \u00e0 12 ans&nbsp;&raquo;&lt;\/span&gt;&lt;\/a&gt;&lt;\/p&gt;\\n","image":"https:\/\/programme.yiddish.paris\/wp-content\/uploads\/2022\/06\/kindershul-e1655459452752.jpg","url":"https:\/\/programme.yiddish.paris\/?tribe_events=promenade-a-travers-la-culture-yiddish-pour-les-enfants-de-4-a-12-ans","eventAttendanceMode":"https:\/\/schema.org\/OfflineEventAttendanceMode","eventStatus":"https:\/\/schema.org\/EventScheduled","startDate":"2022-09-18T14:30:00+02:00","endDate":"2022-09-18T17:30:00+02:00","performer":"Organization"}}