{"id":4835,"global_id":"programme.yiddish.paris?id=4835","global_id_lineage":["programme.yiddish.paris?id=4835"],"author":"2","status":"publish","date":"2023-11-07 23:16:29","date_utc":"2023-11-07 22:16:29","modified":"2024-01-02 10:08:12","modified_utc":"2024-01-02 09:08:12","url":"https:\/\/programme.yiddish.paris\/?tribe_events=bibliotheque-medem-ouvre-ses-portes-en-francais-en-presentiel-3","rest_url":"https:\/\/programme.yiddish.paris\/index.php?rest_route=\/tribe\/events\/v1\/events\/4835","title":"Biblioth\u00e8que Medem ouvre ses portes (en fran\u00e7ais, en pr\u00e9sentiel)","description":"<h2 class=\"p1\">Totalitarisme et \u00e9dition yiddish en Ukraine : les ann\u00e9es 1930 \u00e0 Ky\u00efv et Kharkiv : conf\u00e9rence de Clarisse Brossard<\/h2>\n<p><strong><span style=\"color: #ff0000;\">Samedi 9 mars 2024, 17h00-18h00<\/span><\/strong><\/p>\n<p class=\"p1\">En 1917, afin de faire de l&rsquo;ombre \u00e0 Ky\u00efv, l&rsquo;\u00e9picentre de l&rsquo;avant-garde, les sovi\u00e9tiques installent d&#8217;embl\u00e9e la capitale de \u00ab\u00a0leur\u00a0\u00bb Ukraine \u00e0 Kharkiv, ville situ\u00e9e tout \u00e0 l&rsquo;est du pays, qui gardera ce statut jusqu&rsquo;en 1934. D\u00e8s la fin des ann\u00e9es 1920, les sovi\u00e9tiques cherchent \u00e0 y concentrer l&rsquo;intelligentsia afin de la faire travailler pour le nouveau r\u00e9gime. S&rsquo;appuyant sur les collections de la Biblioth\u00e8que Medem (environ 120 ouvrages publi\u00e9s \u00e0 cette \u00e9poque dans ces deux villes), Clarisse Brossard montrera comment les deux principales villes d&rsquo;\u00e9dition yiddish d&rsquo;Ukraine sovi\u00e9tique ont travers\u00e9 les ann\u00e9es 1930, en s&rsquo;adaptant au contexte totalitaire sovi\u00e9tique : r\u00e9alisme socialiste et cr\u00e9ation de mythes litt\u00e9raires, surveillance et purge des intellectuels, terreur et massacres de masse.<\/p>\n<p class=\"p1\">Enseignante de yiddish, <b>Clarisse Brossard<\/b>\u00a0est dipl\u00f4m\u00e9e en relations internationales et agr\u00e9g\u00e9e de russe. Ses recherches concernent l\u2019avant-garde yiddish en Ukraine, en particulier le d\u00e9veloppement de la Kultur-lige \u00e0 l\u2019\u00e9poque de la R\u00e9publique populaire d\u2019Ukraine.<\/p>\n<p id=\"block-9f12ed79-6edc-4770-bd43-8fe9522387fe\"><em>Tarif : 5 \u20ac. Adh\u00e9rents : entr\u00e9e libre (sur r\u00e9servation)*.<br \/>\n*<a href=\"https:\/\/www.helloasso.com\/associations\/maison-de-la-culture-yiddish-bibliotheque-medem\/adhesions\/adhesion-en-ligne-a-la-maison-de-la-culture-yiddish-2023-2024\">Adh\u00e9rez \u00e0 la Maison de la culture yiddish pour la saison 2023-2024<\/a>\u00a0et d\u00e9couvrez\u00a0<strong>le code promotionnel<\/strong>\u00a0qui vous donnera acc\u00e8s au\u00a0<strong>tarif r\u00e9duit<\/strong>\u00a0sur vos r\u00e9servations.<br \/>\n<\/em><\/p>\n<p id=\"block-2ba98dcd-5f13-4105-b07b-0b0692c4fa6f\"><a href=\"https:\/\/www.helloasso.com\/associations\/maison-de-la-culture-yiddish-bibliotheque-medem\/evenements\/2024-03\"><strong>Cliquez ici<\/strong><\/a>\u00a0pour r\u00e9server (r\u00e9servation obligatoire).<\/p>\n<p id=\"block-02374118-74c5-4bea-b761-3a9a73091b35\"><strong>Attention : au moment du r\u00e8glement, la plateforme Helloasso vous proposera d\u2019ajouter une contribution \u00e0 son fonctionnement. Celle-ci est optionnelle, et vous pouvez changer son montant ou bien l\u2019annuler en appuyant sur le bouton \u00ab Modifier \u00bb.<\/strong><\/p>","excerpt":"","slug":"bibliotheque-medem-ouvre-ses-portes-en-francais-en-presentiel-3","image":{"url":"https:\/\/programme.yiddish.paris\/wp-content\/uploads\/2023\/11\/Fedke.jpg","id":4838,"extension":"jpg","width":1408,"height":1875,"filesize":796433,"sizes":{"medium":{"width":225,"height":300,"mime-type":"image\/jpeg","filesize":16538,"url":"https:\/\/programme.yiddish.paris\/wp-content\/uploads\/2023\/11\/Fedke-225x300.jpg"},"large":{"width":769,"height":1024,"mime-type":"image\/jpeg","filesize":165828,"url":"https:\/\/programme.yiddish.paris\/wp-content\/uploads\/2023\/11\/Fedke-769x1024.jpg"},"thumbnail":{"width":150,"height":150,"mime-type":"image\/jpeg","filesize":6885,"url":"https:\/\/programme.yiddish.paris\/wp-content\/uploads\/2023\/11\/Fedke-150x150.jpg"},"medium_large":{"width":768,"height":1023,"mime-type":"image\/jpeg","filesize":164991,"url":"https:\/\/programme.yiddish.paris\/wp-content\/uploads\/2023\/11\/Fedke-768x1023.jpg"},"1536x1536":{"width":1153,"height":1536,"mime-type":"image\/jpeg","filesize":362162,"url":"https:\/\/programme.yiddish.paris\/wp-content\/uploads\/2023\/11\/Fedke-1153x1536.jpg"},"twentyseventeen-featured-image":{"width":1408,"height":1200,"mime-type":"image\/jpeg","filesize":390565,"url":"https:\/\/programme.yiddish.paris\/wp-content\/uploads\/2023\/11\/Fedke-1408x1200.jpg"},"twentyseventeen-thumbnail-avatar":{"width":100,"height":100,"mime-type":"image\/jpeg","filesize":3616,"url":"https:\/\/programme.yiddish.paris\/wp-content\/uploads\/2023\/11\/Fedke-100x100.jpg"},"menu-24x24":{"width":18,"height":24,"mime-type":"image\/jpeg","filesize":504,"url":"https:\/\/programme.yiddish.paris\/wp-content\/uploads\/2023\/11\/Fedke-18x24.jpg"},"menu-28x28":{"width":21,"height":28,"mime-type":"image\/jpeg","filesize":568,"url":"https:\/\/programme.yiddish.paris\/wp-content\/uploads\/2023\/11\/Fedke-21x28.jpg"},"menu-32x32":{"width":24,"height":32,"mime-type":"image\/jpeg","filesize":623,"url":"https:\/\/programme.yiddish.paris\/wp-content\/uploads\/2023\/11\/Fedke-24x32.jpg"}}},"all_day":false,"start_date":"2024-03-09 17:00:00","start_date_details":{"year":"2024","month":"03","day":"09","hour":"17","minutes":"00","seconds":"00"},"end_date":"2024-03-09 18:00:00","end_date_details":{"year":"2024","month":"03","day":"09","hour":"18","minutes":"00","seconds":"00"},"utc_start_date":"2024-03-09 16:00:00","utc_start_date_details":{"year":"2024","month":"03","day":"09","hour":"16","minutes":"00","seconds":"00"},"utc_end_date":"2024-03-09 17:00:00","utc_end_date_details":{"year":"2024","month":"03","day":"09","hour":"17","minutes":"00","seconds":"00"},"timezone":"Europe\/Paris","timezone_abbr":"CET","cost":"","cost_details":{"currency_symbol":"","currency_code":"","currency_position":"prefix","values":[]},"website":"","show_map":true,"show_map_link":true,"hide_from_listings":false,"sticky":false,"featured":false,"categories":[{"name":"conf\u00e9rence","slug":"conference","term_group":0,"term_taxonomy_id":53,"taxonomy":"tribe_events_cat","description":"","parent":0,"count":105,"filter":"raw","id":53,"urls":{"self":"https:\/\/programme.yiddish.paris\/index.php?rest_route=\/tribe\/events\/v1\/categories\/53","collection":"https:\/\/programme.yiddish.paris\/index.php?rest_route=\/tribe\/events\/v1\/categories"}},{"name":"fran\u00e7ais","slug":"francais","term_group":0,"term_taxonomy_id":55,"taxonomy":"tribe_events_cat","description":"","parent":0,"count":147,"filter":"raw","id":55,"urls":{"self":"https:\/\/programme.yiddish.paris\/index.php?rest_route=\/tribe\/events\/v1\/categories\/55","collection":"https:\/\/programme.yiddish.paris\/index.php?rest_route=\/tribe\/events\/v1\/categories"}}],"tags":[],"venue":[],"organizer":[],"custom_fields":[],"json_ld":{"@context":"http:\/\/schema.org","@type":"Event","name":"Biblioth\u00e8que Medem ouvre ses portes (en fran\u00e7ais, en pr\u00e9sentiel)","description":"&lt;p&gt;Totalitarisme et \u00e9dition yiddish en Ukraine : les ann\u00e9es 1930 \u00e0 Ky\u00efv et Kharkiv : conf\u00e9rence de Clarisse Brossard Samedi 9 mars 2024, 17h00-18h00 En 1917, afin de faire de &hellip; &lt;\/p&gt;\\n&lt;p class=&quot;link-more&quot;&gt;&lt;a href=&quot;https:\/\/programme.yiddish.paris\/?tribe_events=bibliotheque-medem-ouvre-ses-portes-en-francais-en-presentiel-3&quot; class=&quot;more-link&quot;&gt;Continuer la lecture&lt;span class=&quot;screen-reader-text&quot;&gt; de &laquo;&nbsp;Biblioth\u00e8que Medem ouvre ses portes (en fran\u00e7ais, en pr\u00e9sentiel)&nbsp;&raquo;&lt;\/span&gt;&lt;\/a&gt;&lt;\/p&gt;\\n","image":"https:\/\/programme.yiddish.paris\/wp-content\/uploads\/2023\/11\/Fedke.jpg","url":"https:\/\/programme.yiddish.paris\/?tribe_events=bibliotheque-medem-ouvre-ses-portes-en-francais-en-presentiel-3","eventAttendanceMode":"https:\/\/schema.org\/OfflineEventAttendanceMode","eventStatus":"https:\/\/schema.org\/EventScheduled","startDate":"2024-03-09T17:00:00+01:00","endDate":"2024-03-09T18:00:00+01:00","performer":"Organization"}}