{"id":4865,"global_id":"programme.yiddish.paris?id=4865","global_id_lineage":["programme.yiddish.paris?id=4865"],"author":"2","status":"publish","date":"2023-11-14 15:37:46","date_utc":"2023-11-14 14:37:46","modified":"2024-01-02 13:17:10","modified_utc":"2024-01-02 12:17:10","url":"https:\/\/programme.yiddish.paris\/?tribe_events=lecture-performance-en-musique-mannequins-de-debora-vogel","rest_url":"https:\/\/programme.yiddish.paris\/index.php?rest_route=\/tribe\/events\/v1\/events\/4865","title":"Lecture-performance en musique : \u00ab\u00a0Mannequins\u00a0\u00bb, de Debora Vogel, en hommage \u00e0 Batia Baum (en pr\u00e9sentiel)","description":"<h3><img loading=\"lazy\" decoding=\"async\" class=\"alignright wp-image-4434 size-thumbnail\" src=\"https:\/\/programme.yiddish.paris\/wp-content\/uploads\/2023\/05\/MCY-ParisBerlin_Logo_WBG_1200px-150x150.jpg\" alt=\"\" width=\"150\" height=\"150\" srcset=\"https:\/\/programme.yiddish.paris\/wp-content\/uploads\/2023\/05\/MCY-ParisBerlin_Logo_WBG_1200px-150x150.jpg 150w, https:\/\/programme.yiddish.paris\/wp-content\/uploads\/2023\/05\/MCY-ParisBerlin_Logo_WBG_1200px-300x300.jpg 300w, https:\/\/programme.yiddish.paris\/wp-content\/uploads\/2023\/05\/MCY-ParisBerlin_Logo_WBG_1200px-1024x1024.jpg 1024w, https:\/\/programme.yiddish.paris\/wp-content\/uploads\/2023\/05\/MCY-ParisBerlin_Logo_WBG_1200px-768x768.jpg 768w, https:\/\/programme.yiddish.paris\/wp-content\/uploads\/2023\/05\/MCY-ParisBerlin_Logo_WBG_1200px-100x100.jpg 100w, https:\/\/programme.yiddish.paris\/wp-content\/uploads\/2023\/05\/MCY-ParisBerlin_Logo_WBG_1200px-24x24.jpg 24w, https:\/\/programme.yiddish.paris\/wp-content\/uploads\/2023\/05\/MCY-ParisBerlin_Logo_WBG_1200px-28x28.jpg 28w, https:\/\/programme.yiddish.paris\/wp-content\/uploads\/2023\/05\/MCY-ParisBerlin_Logo_WBG_1200px-32x32.jpg 32w, https:\/\/programme.yiddish.paris\/wp-content\/uploads\/2023\/05\/MCY-ParisBerlin_Logo_WBG_1200px.jpg 1200w\" sizes=\"auto, (max-width: 150px) 100vw, 150px\" \/>En fran\u00e7ais et yiddish<\/h3>\n<p>Dans le cadre de la saison\u00a0<strong>Paris-Berlin, un trait d\u2019union pour la diaspora yiddish<\/strong><\/p>\n<p><strong><span style=\"color: #ff0000;\">Samedi 3 f\u00e9vrier 2024, 18h30-20h00<\/span><\/strong><\/p>\n<p class=\"p1\">\u00c9crivaine, essayiste, philosophe et critique d\u2019art, Debora Vogel (1900 Galicie, aujourd\u2019hui Ukraine \u2013 1942, ghetto de Lviv) fait partie des repr\u00e9sentants les plus radicaux du modernisme yiddish et polonais. Inspir\u00e9s par le cubisme, le constructivisme, entre autres, ses po\u00e8mes et \u201ccollages\u201d litt\u00e9raires, aux images et couleurs toujours inattendus, sont empreints de m\u00e9lancolie.<\/p>\n<p class=\"p1\">L&rsquo;\u0153uvre de Vogel, qu&rsquo;elle soit litt\u00e9raire ou philosophique, se nourrit d&rsquo;une exp\u00e9rience sensuelle de l&rsquo;espace urbain.<\/p>\n<p class=\"p1\">La lecture invite \u00e0 la d\u00e9couverte de cette artiste fascinante au cours d\u2019une promenade \u00e0 travers ses espaces cr\u00e9atifs qui s&rsquo;\u00e9tendent entre Paris, Berlin, New York, Stockholm et Lviv.<\/p>\n<p class=\"p1\">C\u2019est aussi l\u2019occasion de c\u00e9l\u00e9brer la parution en \u00e9dition bilingue yiddish-fran\u00e7ais du recueil <i>Figures du jour \u2013 Mannequins<\/i>, de Debora Vogel, traduit par Batia Baum (\u00e9ditions La Barque, juillet 2023).<\/p>\n<p class=\"p1\">Lecture-performance de\u00a0 <strong>Karolina Szymaniak<\/strong> (professeure assistante au d\u00e9partement d&rsquo;\u00e9tudes juives de l&rsquo;universit\u00e9 de Wroc\u0142aw, enseignante<span class=\"Apple-converted-space\">\u00a0 <\/span>de litt\u00e9rature yiddish).<br \/>\nLectures en fran\u00e7ais : <strong>Talila<\/strong>.<br \/>\nMusique de et par <strong>Nicolas Dupin<\/strong> et <strong>Bastien Hartmann<\/strong>.<\/p>\n<p><em>Tarif : 18 \u20ac. Adh\u00e9rents : 13 \u20ac*.<br \/>\n<a href=\"https:\/\/www.helloasso.com\/associations\/maison-de-la-culture-yiddish-bibliotheque-medem\/adhesions\/adhesion-en-ligne-a-la-maison-de-la-culture-yiddish-2021-2022\">*<\/a><a href=\"https:\/\/www.helloasso.com\/associations\/maison-de-la-culture-yiddish-bibliotheque-medem\/adhesions\/adhesion-en-ligne-a-la-maison-de-la-culture-yiddish-2023-2024\">Adh\u00e9rez \u00e0 la Maison de la culture yiddish pour la saison 2023-2024<\/a>\u00a0et d\u00e9couvrez\u00a0<strong>le code promotionnel<\/strong>\u00a0qui vous donnera acc\u00e8s au\u00a0<strong>tarif r\u00e9duit<\/strong>\u00a0sur vos r\u00e9servations.<\/em><\/p>\n<p><a href=\"https:\/\/www.helloasso.com\/associations\/maison-de-la-culture-yiddish-bibliotheque-medem\/evenements\/2024-02\"><strong>Cliquez ici<\/strong><\/a>\u00a0pour r\u00e9server (r\u00e9servation obligatoire).<\/p>\n<p><strong>Attention : au moment du r\u00e8glement, la plateforme Helloasso vous proposera d\u2019ajouter une contribution \u00e0 son fonctionnement. Celle-ci est optionnelle, et vous pouvez changer son montant ou bien l\u2019annuler en appuyant sur le bouton \u00ab Modifier \u00bb.<\/strong><\/p>\n<p class=\"p1\">","excerpt":"","slug":"lecture-performance-en-musique-mannequins-de-debora-vogel","image":{"url":"https:\/\/programme.yiddish.paris\/wp-content\/uploads\/2023\/11\/Manekinen.png","id":4866,"extension":"png","width":686,"height":976,"filesize":1103100,"sizes":{"medium":{"width":211,"height":300,"mime-type":"image\/png","filesize":105398,"url":"https:\/\/programme.yiddish.paris\/wp-content\/uploads\/2023\/11\/Manekinen-211x300.png"},"thumbnail":{"width":150,"height":150,"mime-type":"image\/png","filesize":41160,"url":"https:\/\/programme.yiddish.paris\/wp-content\/uploads\/2023\/11\/Manekinen-150x150.png"},"twentyseventeen-thumbnail-avatar":{"width":100,"height":100,"mime-type":"image\/png","filesize":20218,"url":"https:\/\/programme.yiddish.paris\/wp-content\/uploads\/2023\/11\/Manekinen-100x100.png"},"menu-24x24":{"width":17,"height":24,"mime-type":"image\/png","filesize":1283,"url":"https:\/\/programme.yiddish.paris\/wp-content\/uploads\/2023\/11\/Manekinen-17x24.png"},"menu-28x28":{"width":20,"height":28,"mime-type":"image\/png","filesize":1731,"url":"https:\/\/programme.yiddish.paris\/wp-content\/uploads\/2023\/11\/Manekinen-20x28.png"},"menu-32x32":{"width":22,"height":32,"mime-type":"image\/png","filesize":2094,"url":"https:\/\/programme.yiddish.paris\/wp-content\/uploads\/2023\/11\/Manekinen-22x32.png"}}},"all_day":false,"start_date":"2024-02-03 18:30:00","start_date_details":{"year":"2024","month":"02","day":"03","hour":"18","minutes":"30","seconds":"00"},"end_date":"2024-02-03 20:00:00","end_date_details":{"year":"2024","month":"02","day":"03","hour":"20","minutes":"00","seconds":"00"},"utc_start_date":"2024-02-03 17:30:00","utc_start_date_details":{"year":"2024","month":"02","day":"03","hour":"17","minutes":"30","seconds":"00"},"utc_end_date":"2024-02-03 19:00:00","utc_end_date_details":{"year":"2024","month":"02","day":"03","hour":"19","minutes":"00","seconds":"00"},"timezone":"Europe\/Paris","timezone_abbr":"CET","cost":"","cost_details":{"currency_symbol":"","currency_code":"","currency_position":"prefix","values":[]},"website":"","show_map":true,"show_map_link":true,"hide_from_listings":false,"sticky":false,"featured":false,"categories":[{"name":"fran\u00e7ais","slug":"francais","term_group":0,"term_taxonomy_id":55,"taxonomy":"tribe_events_cat","description":"","parent":0,"count":147,"filter":"raw","id":55,"urls":{"self":"https:\/\/programme.yiddish.paris\/index.php?rest_route=\/tribe\/events\/v1\/categories\/55","collection":"https:\/\/programme.yiddish.paris\/index.php?rest_route=\/tribe\/events\/v1\/categories"}},{"name":"lecture musicale","slug":"lecture-musicale","term_group":0,"term_taxonomy_id":41,"taxonomy":"tribe_events_cat","description":"","parent":0,"count":14,"filter":"raw","id":41,"urls":{"self":"https:\/\/programme.yiddish.paris\/index.php?rest_route=\/tribe\/events\/v1\/categories\/41","collection":"https:\/\/programme.yiddish.paris\/index.php?rest_route=\/tribe\/events\/v1\/categories"}},{"name":"yiddish","slug":"yiddish","term_group":0,"term_taxonomy_id":56,"taxonomy":"tribe_events_cat","description":"","parent":0,"count":257,"filter":"raw","id":56,"urls":{"self":"https:\/\/programme.yiddish.paris\/index.php?rest_route=\/tribe\/events\/v1\/categories\/56","collection":"https:\/\/programme.yiddish.paris\/index.php?rest_route=\/tribe\/events\/v1\/categories"}}],"tags":[],"venue":[],"organizer":[],"custom_fields":[],"json_ld":{"@context":"http:\/\/schema.org","@type":"Event","name":"Lecture-performance en musique : \u00ab\u00a0Mannequins\u00a0\u00bb, de Debora Vogel, en hommage \u00e0 Batia Baum (en pr\u00e9sentiel)","description":"&lt;p&gt;En fran\u00e7ais et yiddish Dans le cadre de la saison\u00a0Paris-Berlin, un trait d\u2019union pour la diaspora yiddish Samedi 3 f\u00e9vrier 2024, 18h30-20h00 \u00c9crivaine, essayiste, philosophe et critique d\u2019art, Debora Vogel &hellip; &lt;\/p&gt;\\n&lt;p class=&quot;link-more&quot;&gt;&lt;a href=&quot;https:\/\/programme.yiddish.paris\/?tribe_events=lecture-performance-en-musique-mannequins-de-debora-vogel&quot; class=&quot;more-link&quot;&gt;Continuer la lecture&lt;span class=&quot;screen-reader-text&quot;&gt; de &laquo;&nbsp;Lecture-performance en musique : \u00ab\u00a0Mannequins\u00a0\u00bb, de Debora Vogel, en hommage \u00e0 Batia Baum (en pr\u00e9sentiel)&nbsp;&raquo;&lt;\/span&gt;&lt;\/a&gt;&lt;\/p&gt;\\n","image":"https:\/\/programme.yiddish.paris\/wp-content\/uploads\/2023\/11\/Manekinen.png","url":"https:\/\/programme.yiddish.paris\/?tribe_events=lecture-performance-en-musique-mannequins-de-debora-vogel","eventAttendanceMode":"https:\/\/schema.org\/OfflineEventAttendanceMode","eventStatus":"https:\/\/schema.org\/EventScheduled","startDate":"2024-02-03T18:30:00+01:00","endDate":"2024-02-03T20:00:00+01:00","performer":"Organization"}}