{"id":5156,"global_id":"programme.yiddish.paris?id=5156","global_id_lineage":["programme.yiddish.paris?id=5156"],"author":"2","status":"publish","date":"2024-02-14 15:44:44","date_utc":"2024-02-14 14:44:44","modified":"2024-02-14 16:03:36","modified_utc":"2024-02-14 15:03:36","url":"https:\/\/programme.yiddish.paris\/?tribe_events=la-resistante-et-lenfant-projection-en-francais-en-presentiel","rest_url":"https:\/\/programme.yiddish.paris\/index.php?rest_route=\/tribe\/events\/v1\/events\/5156","title":"La r\u00e9sistante et l\u2019enfant : projection (en fran\u00e7ais, en pr\u00e9sentiel)","description":"<p><em>La r\u00e9sistante et l\u2019enfant<\/em>, documentaire de Jean Barat (2024), 80 mn<\/p>\n<p>La r\u00e9sistante, c\u2019est Eva Golgevit, n\u00e9e en 1912 \u00e0 Lodz, \u00e9migr\u00e9e en France o\u00f9 elle s\u2019engage dans la section juive de la MOI avant d\u2019\u00eatre arr\u00eat\u00e9e par la police fran\u00e7aise et d\u00e9port\u00e9e au camp d\u2019Auschwitz, dont elle reviendra. L\u2019enfant, c\u2019est Jean, son fils, qu\u2019elle cache apr\u00e8s avoir r\u00e9chapp\u00e9 \u00e0 la rafle du Vel d\u2019Hiv. Le film entrecroise le t\u00e9moignage film\u00e9 dans les ann\u00e9es 2000 d\u2019Eva qui livre un r\u00e9cit passionnant sur l\u2019avant-guerre, la r\u00e9sistance et la d\u00e9portation, avec celui de Jean qui raconte aujourd\u2019hui la s\u00e9paration, sa survie, les retrouvailles et le lien ind\u00e9fectible qui l\u2019unissait \u00e0 sa m\u00e8re : le chant yiddish, dont il n\u2019a de cesse de transmettre la diversit\u00e9 et la beaut\u00e9.<\/p>\n<p>En pr\u00e9sence de\u00a0<strong>Jean Barat<\/strong>,\u00a0r\u00e9alisateur, et de\u00a0<strong>Jean<\/strong> <strong>Golgevit<\/strong>, violoniste, compositeur et chef de ch\u0153ur.<\/p>\n<p id=\"block-9f12ed79-6edc-4770-bd43-8fe9522387fe\"><em>Tarif : 13 \u20ac. Adh\u00e9rents : 8 \u20ac*.<br \/>\n*<a href=\"https:\/\/www.helloasso.com\/associations\/maison-de-la-culture-yiddish-bibliotheque-medem\/adhesions\/adhesion-en-ligne-a-la-maison-de-la-culture-yiddish-2023-2024\">Adh\u00e9rez \u00e0 la Maison de la culture yiddish pour la saison 2023-2024<\/a>\u00a0et d\u00e9couvrez\u00a0<strong>le code promotionnel<\/strong>\u00a0qui vous donnera acc\u00e8s au\u00a0<strong>tarif r\u00e9duit<\/strong>\u00a0sur vos r\u00e9servations.<br \/>\n<\/em><\/p>\n<p id=\"block-2ba98dcd-5f13-4105-b07b-0b0692c4fa6f\"><a href=\"https:\/\/www.helloasso.com\/associations\/maison-de-la-culture-yiddish-bibliotheque-medem\/evenements\/2024-05\"><strong>Cliquez ici<\/strong><\/a>\u00a0pour r\u00e9server (r\u00e9servation obligatoire).<\/p>\n<p id=\"block-02374118-74c5-4bea-b761-3a9a73091b35\"><strong>Attention : au moment du r\u00e8glement, la plateforme Helloasso vous proposera d\u2019ajouter une contribution \u00e0 son fonctionnement. Celle-ci est optionnelle, et vous pouvez changer son montant ou bien l\u2019annuler en appuyant sur le bouton \u00ab Modifier \u00bb.<\/strong><\/p>","excerpt":"","slug":"la-resistante-et-lenfant-projection-en-francais-en-presentiel","image":{"url":"https:\/\/programme.yiddish.paris\/wp-content\/uploads\/2024\/02\/Eva-Golgevit.jpg","id":5159,"extension":"jpg","width":790,"height":520,"filesize":58322,"sizes":{"medium":{"width":300,"height":197,"mime-type":"image\/jpeg","filesize":12080,"url":"https:\/\/programme.yiddish.paris\/wp-content\/uploads\/2024\/02\/Eva-Golgevit-300x197.jpg"},"thumbnail":{"width":150,"height":150,"mime-type":"image\/jpeg","filesize":6121,"url":"https:\/\/programme.yiddish.paris\/wp-content\/uploads\/2024\/02\/Eva-Golgevit-150x150.jpg"},"medium_large":{"width":768,"height":506,"mime-type":"image\/jpeg","filesize":51610,"url":"https:\/\/programme.yiddish.paris\/wp-content\/uploads\/2024\/02\/Eva-Golgevit-768x506.jpg"},"twentyseventeen-thumbnail-avatar":{"width":100,"height":100,"mime-type":"image\/jpeg","filesize":3462,"url":"https:\/\/programme.yiddish.paris\/wp-content\/uploads\/2024\/02\/Eva-Golgevit-100x100.jpg"},"menu-24x24":{"width":24,"height":16,"mime-type":"image\/jpeg","filesize":533,"url":"https:\/\/programme.yiddish.paris\/wp-content\/uploads\/2024\/02\/Eva-Golgevit-24x16.jpg"},"menu-28x28":{"width":28,"height":18,"mime-type":"image\/jpeg","filesize":657,"url":"https:\/\/programme.yiddish.paris\/wp-content\/uploads\/2024\/02\/Eva-Golgevit-28x18.jpg"},"menu-32x32":{"width":32,"height":21,"mime-type":"image\/jpeg","filesize":688,"url":"https:\/\/programme.yiddish.paris\/wp-content\/uploads\/2024\/02\/Eva-Golgevit-32x21.jpg"}}},"all_day":false,"start_date":"2024-05-02 19:30:00","start_date_details":{"year":"2024","month":"05","day":"02","hour":"19","minutes":"30","seconds":"00"},"end_date":"2024-05-02 21:00:00","end_date_details":{"year":"2024","month":"05","day":"02","hour":"21","minutes":"00","seconds":"00"},"utc_start_date":"2024-05-02 17:30:00","utc_start_date_details":{"year":"2024","month":"05","day":"02","hour":"17","minutes":"30","seconds":"00"},"utc_end_date":"2024-05-02 19:00:00","utc_end_date_details":{"year":"2024","month":"05","day":"02","hour":"19","minutes":"00","seconds":"00"},"timezone":"Europe\/Paris","timezone_abbr":"CEST","cost":"","cost_details":{"currency_symbol":"","currency_code":"","currency_position":"prefix","values":[]},"website":"","show_map":true,"show_map_link":true,"hide_from_listings":false,"sticky":false,"featured":false,"categories":[{"name":"fran\u00e7ais","slug":"francais","term_group":0,"term_taxonomy_id":55,"taxonomy":"tribe_events_cat","description":"","parent":0,"count":147,"filter":"raw","id":55,"urls":{"self":"https:\/\/programme.yiddish.paris\/index.php?rest_route=\/tribe\/events\/v1\/categories\/55","collection":"https:\/\/programme.yiddish.paris\/index.php?rest_route=\/tribe\/events\/v1\/categories"}},{"name":"projection","slug":"projection","term_group":0,"term_taxonomy_id":72,"taxonomy":"tribe_events_cat","description":"","parent":0,"count":11,"filter":"raw","id":72,"urls":{"self":"https:\/\/programme.yiddish.paris\/index.php?rest_route=\/tribe\/events\/v1\/categories\/72","collection":"https:\/\/programme.yiddish.paris\/index.php?rest_route=\/tribe\/events\/v1\/categories"}}],"tags":[],"venue":[],"organizer":[],"custom_fields":[],"json_ld":{"@context":"http:\/\/schema.org","@type":"Event","name":"La r\u00e9sistante et l\u2019enfant : projection (en fran\u00e7ais, en pr\u00e9sentiel)","description":"&lt;p&gt;La r\u00e9sistante et l\u2019enfant, documentaire de Jean Barat (2024), 80 mn La r\u00e9sistante, c\u2019est Eva Golgevit, n\u00e9e en 1912 \u00e0 Lodz, \u00e9migr\u00e9e en France o\u00f9 elle s\u2019engage dans la section &hellip; &lt;\/p&gt;\\n&lt;p class=&quot;link-more&quot;&gt;&lt;a href=&quot;https:\/\/programme.yiddish.paris\/?tribe_events=la-resistante-et-lenfant-projection-en-francais-en-presentiel&quot; class=&quot;more-link&quot;&gt;Continuer la lecture&lt;span class=&quot;screen-reader-text&quot;&gt; de &laquo;&nbsp;La r\u00e9sistante et l\u2019enfant : projection (en fran\u00e7ais, en pr\u00e9sentiel)&nbsp;&raquo;&lt;\/span&gt;&lt;\/a&gt;&lt;\/p&gt;\\n","image":"https:\/\/programme.yiddish.paris\/wp-content\/uploads\/2024\/02\/Eva-Golgevit.jpg","url":"https:\/\/programme.yiddish.paris\/?tribe_events=la-resistante-et-lenfant-projection-en-francais-en-presentiel","eventAttendanceMode":"https:\/\/schema.org\/OfflineEventAttendanceMode","eventStatus":"https:\/\/schema.org\/EventScheduled","startDate":"2024-05-02T19:30:00+02:00","endDate":"2024-05-02T21:00:00+02:00","performer":"Organization"}}