{"id":5259,"global_id":"programme.yiddish.paris?id=5259","global_id_lineage":["programme.yiddish.paris?id=5259"],"author":"2","status":"publish","date":"2024-03-28 16:48:09","date_utc":"2024-03-28 15:48:09","modified":"2024-05-25 23:40:35","modified_utc":"2024-05-25 21:40:35","url":"https:\/\/programme.yiddish.paris\/?tribe_events=le-livre-en-fete-en-presentiel","rest_url":"https:\/\/programme.yiddish.paris\/index.php?rest_route=\/tribe\/events\/v1\/events\/5259","title":"Le livre en f\u00eate (en pr\u00e9sentiel)","description":"<h1 class=\"p3\">Le livre en f\u00eate \/ \u05d1\u05d9\u05db\u05e2\u05e8\u05be\u05e4\u05bf\u05e2\u05e1\u05d8\u05d9\u05d5\u05d5\u05d0\u05b7\u05dc<\/h1>\n<h3>Salon du livre avec des auteurs, des traducteurs, des maisons d&rsquo;\u00e9dition et des d\u00e9dicaces<\/h3>\n<p>Invit\u00e9s<\/p>\n<p><span style=\"color: #ff0000;\"><strong>14h &#8211; 18h<br \/>\n<\/strong><\/span><span style=\"color: #ff0000;\"><strong><span style=\"color: #000000;\">\u00c9ditions Biblioth\u00e8que<\/span><\/strong><span style=\"color: #000000;\"><strong> Medem<\/strong> : Natalia Krynicka, en pr\u00e9sence d&rsquo;Evelyne Grumberg<\/span><strong><br \/>\n<\/strong><\/span><b>\u00c9ditions de<\/b> <strong>L\u2019Antilope\u00a0<\/strong>: Anne-Sophie Dreyfus et Gilles Rozier, en pr\u00e9sence d&rsquo;Evelyne Grumberg<br \/>\n<b>\u00c9ditions Lior<\/b> : Fran\u00e7ois Azar<\/p>\n<p><span style=\"color: #ff0000;\"><strong>14h &#8211; 16h<\/strong><\/span><br \/>\nVanessa Sibi, Sylvie-Anne Goldberg, Annette Wieviorka, Talila, Virginie Linhart, Michael Sibony, C\u00e9cile Wajsbrot<\/p>\n<p><span style=\"color: #ff0000;\"><strong>16h &#8211; 18h<\/strong><\/span><br \/>\nRobert Bober, Henri Raczymov, Arnaud Bikard, Magali Bertrand, Carole Mann, Elise Golberg, Bernard Suchecky, Katia Fater-Simbsler, Ami Flammer<\/p>\n<h3>Braderie de livres d&rsquo;occasion\u00a0\u00e0 prix libre<\/h3>\n<p class=\"p3\">Il y en aura pour tous les go\u00fbts : livres de la librairie, beaucoup d\u2019ouvrages en fran\u00e7ais sur des sujets divers,\u00a0<em>juda\u00efca<\/em>, ainsi qu\u2019une s\u00e9lection d\u2019\u0153uvres en yiddish pour lecteurs de tous niveaux.<\/p>\n<div>Un tr\u00e8s grand choix de livres \u00e0 la vente (environ 2000 livres), dans les cat\u00e9gories suivantes :<\/div>\n<div><\/div>\n<div>\n<div><strong>A prix libre :\u00a0<\/strong><\/div>\n<div>&#8211; ouvrages de recherche<\/div>\n<div>&#8211; monde s\u00e9farade<\/div>\n<div>&#8211; litt\u00e9rature h\u00e9bra\u00efque<\/div>\n<div>&#8211; romans<\/div>\n<div>&#8211; livres en polonais<\/div>\n<div>&#8211; musique et partitions<\/div>\n<div>&#8211; religion juive et spiritualit\u00e9 (y compris cabbale)<\/div>\n<div>&#8211; cuisine juive<\/div>\n<div>&#8211; manuels et dictionnaires (notamment d&rsquo;h\u00e9breu)<\/div>\n<div>&#8211; ouvrage g\u00e9n\u00e9raux sur le juda\u00efsme<\/div>\n<\/div>\n<div>\n<div>&#8211; t\u00e9moignages et documents (notamment sur la Shoah)<\/div>\n<div><\/div>\n<div><strong>Avec un prix fix\u00e9 :<\/strong><\/div>\n<div>&#8211; beaux livres (prix minimum de 20 euros)<\/div>\n<div>&#8211; livres en yiddish (environ 10 euros)<\/div>\n<div>&#8211; revues en yiddish (environ 5 euros)<\/div>\n<div>&#8211; disques \u00e0 5 euros<\/div>\n<\/div>\n<p class=\"p3\">Occasions \u00e0 ne pas rater !<\/p>\n<p class=\"p3\">Nous serons l\u00e0 pour vous guider !<\/p>\n<p class=\"p3\">Venez nombreuses et nombreux !<\/p>\n<p class=\"p3\"><em>Entr\u00e9e libre<\/em><\/p>","excerpt":"","slug":"le-livre-en-fete-en-presentiel","image":{"url":"https:\/\/programme.yiddish.paris\/wp-content\/uploads\/2024\/03\/braderie-juni-3.png","id":5261,"extension":"png","width":1587,"height":2245,"filesize":409357,"sizes":{"medium":{"width":212,"height":300,"mime-type":"image\/png","filesize":44642,"url":"https:\/\/programme.yiddish.paris\/wp-content\/uploads\/2024\/03\/braderie-juni-3-212x300.png"},"large":{"width":724,"height":1024,"mime-type":"image\/png","filesize":229598,"url":"https:\/\/programme.yiddish.paris\/wp-content\/uploads\/2024\/03\/braderie-juni-3-724x1024.png"},"thumbnail":{"width":150,"height":150,"mime-type":"image\/png","filesize":17990,"url":"https:\/\/programme.yiddish.paris\/wp-content\/uploads\/2024\/03\/braderie-juni-3-150x150.png"},"medium_large":{"width":768,"height":1086,"mime-type":"image\/png","filesize":247803,"url":"https:\/\/programme.yiddish.paris\/wp-content\/uploads\/2024\/03\/braderie-juni-3-768x1086.png"},"1536x1536":{"width":1086,"height":1536,"mime-type":"image\/png","filesize":374056,"url":"https:\/\/programme.yiddish.paris\/wp-content\/uploads\/2024\/03\/braderie-juni-3-1086x1536.png"},"2048x2048":{"width":1448,"height":2048,"mime-type":"image\/png","filesize":521924,"url":"https:\/\/programme.yiddish.paris\/wp-content\/uploads\/2024\/03\/braderie-juni-3-1448x2048.png"},"twentyseventeen-featured-image":{"width":1587,"height":1200,"mime-type":"image\/png","filesize":152387,"url":"https:\/\/programme.yiddish.paris\/wp-content\/uploads\/2024\/03\/braderie-juni-3-1587x1200.png"},"twentyseventeen-thumbnail-avatar":{"width":100,"height":100,"mime-type":"image\/png","filesize":9958,"url":"https:\/\/programme.yiddish.paris\/wp-content\/uploads\/2024\/03\/braderie-juni-3-100x100.png"},"menu-24x24":{"width":17,"height":24,"mime-type":"image\/png","filesize":1154,"url":"https:\/\/programme.yiddish.paris\/wp-content\/uploads\/2024\/03\/braderie-juni-3-17x24.png"},"menu-28x28":{"width":20,"height":28,"mime-type":"image\/png","filesize":1108,"url":"https:\/\/programme.yiddish.paris\/wp-content\/uploads\/2024\/03\/braderie-juni-3-20x28.png"},"menu-32x32":{"width":23,"height":32,"mime-type":"image\/png","filesize":1411,"url":"https:\/\/programme.yiddish.paris\/wp-content\/uploads\/2024\/03\/braderie-juni-3-23x32.png"}}},"all_day":false,"start_date":"2024-06-08 14:00:00","start_date_details":{"year":"2024","month":"06","day":"08","hour":"14","minutes":"00","seconds":"00"},"end_date":"2024-06-08 18:30:00","end_date_details":{"year":"2024","month":"06","day":"08","hour":"18","minutes":"30","seconds":"00"},"utc_start_date":"2024-06-08 12:00:00","utc_start_date_details":{"year":"2024","month":"06","day":"08","hour":"12","minutes":"00","seconds":"00"},"utc_end_date":"2024-06-08 16:30:00","utc_end_date_details":{"year":"2024","month":"06","day":"08","hour":"16","minutes":"30","seconds":"00"},"timezone":"Europe\/Paris","timezone_abbr":"CEST","cost":"","cost_details":{"currency_symbol":"\u20ac","currency_code":"USD\t\t\t\t\t\t\tclass=","currency_position":"prefix","values":[]},"website":"","show_map":true,"show_map_link":true,"hide_from_listings":false,"sticky":false,"featured":false,"categories":[{"name":"divertissement","slug":"divertissement","term_group":0,"term_taxonomy_id":39,"taxonomy":"tribe_events_cat","description":"","parent":0,"count":85,"filter":"raw","id":39,"urls":{"self":"https:\/\/programme.yiddish.paris\/index.php?rest_route=\/tribe\/events\/v1\/categories\/39","collection":"https:\/\/programme.yiddish.paris\/index.php?rest_route=\/tribe\/events\/v1\/categories"}}],"tags":[],"venue":[],"organizer":[],"custom_fields":[],"json_ld":{"@context":"http:\/\/schema.org","@type":"Event","name":"Le livre en f\u00eate (en pr\u00e9sentiel)","description":"&lt;p&gt;Le livre en f\u00eate \/ \u05d1\u05d9\u05db\u05e2\u05e8\u05be\u05e4\u05bf\u05e2\u05e1\u05d8\u05d9\u05d5\u05d5\u05d0\u05b7\u05dc Salon du livre avec des auteurs, des traducteurs, des maisons d\\'\u00e9dition et des d\u00e9dicaces Invit\u00e9s 14h - 18h \u00c9ditions Biblioth\u00e8que Medem : Natalia Krynicka, &hellip; &lt;\/p&gt;\\n&lt;p class=&quot;link-more&quot;&gt;&lt;a href=&quot;https:\/\/programme.yiddish.paris\/?tribe_events=le-livre-en-fete-en-presentiel&quot; class=&quot;more-link&quot;&gt;Continuer la lecture&lt;span class=&quot;screen-reader-text&quot;&gt; de &laquo;&nbsp;Le livre en f\u00eate (en pr\u00e9sentiel)&nbsp;&raquo;&lt;\/span&gt;&lt;\/a&gt;&lt;\/p&gt;\\n","image":"https:\/\/programme.yiddish.paris\/wp-content\/uploads\/2024\/03\/braderie-juni-3.png","url":"https:\/\/programme.yiddish.paris\/?tribe_events=le-livre-en-fete-en-presentiel","eventAttendanceMode":"https:\/\/schema.org\/OfflineEventAttendanceMode","eventStatus":"https:\/\/schema.org\/EventScheduled","startDate":"2024-06-08T14:00:00+02:00","endDate":"2024-06-08T18:30:00+02:00","performer":"Organization"}}