{"id":5285,"global_id":"programme.yiddish.paris?id=5285","global_id_lineage":["programme.yiddish.paris?id=5285"],"author":"2","status":"publish","date":"2024-04-02 07:22:45","date_utc":"2024-04-02 05:22:45","modified":"2024-04-02 07:28:09","modified_utc":"2024-04-02 05:28:09","url":"https:\/\/programme.yiddish.paris\/?tribe_events=hors-les-murs-paroles-des-choeurs","rest_url":"https:\/\/programme.yiddish.paris\/index.php?rest_route=\/tribe\/events\/v1\/events\/5285","title":"Hors les murs : Paroles des ch\u0153urs","description":"<p>D\u2019ann\u00e9e en ann\u00e9e, le succ\u00e8s de la rencontre des Chorales ne se d\u00e9ment pas. Sans doute parce qu\u2019elle fait vibrer le public aux sons des de m\u00e9lodies, rythmes et harmonies qui parlent \u00e0 toutes et tous ! Des \u00ab paroles de ch\u0153urs \u00bb universelles qui se partagent en familles ou amis.<\/p>\n<p>Et parce que musique rime avec danse, cette ann\u00e9e, la journ\u00e9e se cl\u00f4ture avec les <em>rikoudei am<\/em>, c\u00e9l\u00e8bres danses populaires isra\u00e9liennes sous la direction de R\u00e9gine Viner.<\/p>\n<h3>Dans le cadre du Festival des cultures juives<\/h3>\n<h3><img loading=\"lazy\" decoding=\"async\" class=\"alignnone wp-image-5271 size-full\" src=\"https:\/\/programme.yiddish.paris\/wp-content\/uploads\/2024\/04\/cropped-2-Banniere-site-horizontal-1920-x-275-px-1.jpeg\" sizes=\"auto, (max-width: 767px) 89vw, (max-width: 1000px) 54vw, (max-width: 1071px) 543px, 580px\" srcset=\"https:\/\/programme.yiddish.paris\/wp-content\/uploads\/2024\/04\/cropped-2-Banniere-site-horizontal-1920-x-275-px-1.jpeg 1140w, https:\/\/programme.yiddish.paris\/wp-content\/uploads\/2024\/04\/cropped-2-Banniere-site-horizontal-1920-x-275-px-1-300x43.jpeg 300w, https:\/\/programme.yiddish.paris\/wp-content\/uploads\/2024\/04\/cropped-2-Banniere-site-horizontal-1920-x-275-px-1-1024x146.jpeg 1024w, https:\/\/programme.yiddish.paris\/wp-content\/uploads\/2024\/04\/cropped-2-Banniere-site-horizontal-1920-x-275-px-1-768x110.jpeg 768w, https:\/\/programme.yiddish.paris\/wp-content\/uploads\/2024\/04\/cropped-2-Banniere-site-horizontal-1920-x-275-px-1-24x3.jpeg 24w, https:\/\/programme.yiddish.paris\/wp-content\/uploads\/2024\/04\/cropped-2-Banniere-site-horizontal-1920-x-275-px-1-28x4.jpeg 28w, https:\/\/programme.yiddish.paris\/wp-content\/uploads\/2024\/04\/cropped-2-Banniere-site-horizontal-1920-x-275-px-1-32x5.jpeg 32w\" alt=\"\" width=\"1140\" height=\"163\" \/><\/h3>\n<h2>PROGRAMME<\/h2>\n<ul>\n<li><strong>Oy ! Yakol tov, Lilian Duault<\/strong> (Sholem de Rennes)<\/li>\n<li><strong>Didl Dam, J\u00e9r\u00e9my Gerszanowilsz <\/strong>(Centre Medem)<\/li>\n<li><strong>Mit A Tam, Carine Gutlerner<\/strong> (ECUJE)<\/li>\n<li><strong>Tshiribim, Shura Lipovsky <\/strong>(Maison de la culture yiddish)<\/li>\n<li><strong>Shira Ve Simha, Charles Mesrine <\/strong>(JEM Beaugrenelle)<\/li>\n<li><strong>Aki Estamos, Marl\u00e8ne Samoun <\/strong>(Aki Estamos)<\/li>\n<li><strong>Voci Copernic, Marl\u00e8ne Samoun <\/strong>(JEM Copernic)<\/li>\n<li><strong>Shiru Shir, Laurence Temime<\/strong><\/li>\n<\/ul>\n<p>Avec la participation d\u2019Aki Estamos, Al Syete, Amis de la CCE, Centre Medem, Cercle Bernard Lazare, Charit\u00e9-V\u00e9rit\u00e9, Collectif Pourim Shpil, Farband-USJF, Libert\u00e9 du Juda\u00efsme, Maison de la culture yiddish, OSE Histoire et m\u00e9moire, Sauvegarde et M\u00e9moire, UJRE.<\/p>\n<p><strong><img decoding=\"async\" class=\"emoji\" role=\"img\" draggable=\"false\" src=\"https:\/\/s.w.org\/images\/core\/emoji\/14.0.0\/svg\/1f4cd.svg\" alt=\"\ud83d\udccd\" \/><span style=\"color: #ff0000;\">Mairie de Paris Centre<\/span><br \/>\n<\/strong><span style=\"color: #ff0000;\">2, rue Eug\u00e8ne Spuller<\/span><br \/>\n<span style=\"color: #ff0000;\">75003 Paris<\/span><\/p>\n<p>La billetterie est\u00a0<strong>exclusivement assur\u00e9e par le Festival des cultures juives.\u00a0<\/strong><a href=\"https:\/\/www.festivaldesculturesjuives.org\/evenement\/paroles-de-choeurs\/\"><strong>Cliquer ici<\/strong><\/a>\u00a0pour r\u00e9server.<\/p>","excerpt":"","slug":"hors-les-murs-paroles-des-choeurs","image":{"url":"https:\/\/programme.yiddish.paris\/wp-content\/uploads\/2024\/04\/Paroles-de-Choeurs-2048x986-1.jpeg","id":5288,"extension":"jpeg","width":2048,"height":986,"filesize":330554,"sizes":{"medium":{"width":300,"height":144,"mime-type":"image\/jpeg","filesize":11844,"url":"https:\/\/programme.yiddish.paris\/wp-content\/uploads\/2024\/04\/Paroles-de-Choeurs-2048x986-1-300x144.jpeg"},"large":{"width":1024,"height":493,"mime-type":"image\/jpeg","filesize":85975,"url":"https:\/\/programme.yiddish.paris\/wp-content\/uploads\/2024\/04\/Paroles-de-Choeurs-2048x986-1-1024x493.jpeg"},"thumbnail":{"width":150,"height":150,"mime-type":"image\/jpeg","filesize":7139,"url":"https:\/\/programme.yiddish.paris\/wp-content\/uploads\/2024\/04\/Paroles-de-Choeurs-2048x986-1-150x150.jpeg"},"medium_large":{"width":768,"height":370,"mime-type":"image\/jpeg","filesize":54584,"url":"https:\/\/programme.yiddish.paris\/wp-content\/uploads\/2024\/04\/Paroles-de-Choeurs-2048x986-1-768x370.jpeg"},"1536x1536":{"width":1536,"height":740,"mime-type":"image\/jpeg","filesize":177528,"url":"https:\/\/programme.yiddish.paris\/wp-content\/uploads\/2024\/04\/Paroles-de-Choeurs-2048x986-1-1536x740.jpeg"},"twentyseventeen-featured-image":{"width":2000,"height":986,"mime-type":"image\/jpeg","filesize":325215,"url":"https:\/\/programme.yiddish.paris\/wp-content\/uploads\/2024\/04\/Paroles-de-Choeurs-2048x986-1-2000x986.jpeg"},"twentyseventeen-thumbnail-avatar":{"width":100,"height":100,"mime-type":"image\/jpeg","filesize":4530,"url":"https:\/\/programme.yiddish.paris\/wp-content\/uploads\/2024\/04\/Paroles-de-Choeurs-2048x986-1-100x100.jpeg"},"menu-24x24":{"width":24,"height":12,"mime-type":"image\/jpeg","filesize":2086,"url":"https:\/\/programme.yiddish.paris\/wp-content\/uploads\/2024\/04\/Paroles-de-Choeurs-2048x986-1-24x12.jpeg"},"menu-28x28":{"width":28,"height":13,"mime-type":"image\/jpeg","filesize":2129,"url":"https:\/\/programme.yiddish.paris\/wp-content\/uploads\/2024\/04\/Paroles-de-Choeurs-2048x986-1-28x13.jpeg"},"menu-32x32":{"width":32,"height":15,"mime-type":"image\/jpeg","filesize":2121,"url":"https:\/\/programme.yiddish.paris\/wp-content\/uploads\/2024\/04\/Paroles-de-Choeurs-2048x986-1-32x15.jpeg"}}},"all_day":false,"start_date":"2024-06-23 12:00:00","start_date_details":{"year":"2024","month":"06","day":"23","hour":"12","minutes":"00","seconds":"00"},"end_date":"2024-06-23 18:00:00","end_date_details":{"year":"2024","month":"06","day":"23","hour":"18","minutes":"00","seconds":"00"},"utc_start_date":"2024-06-23 10:00:00","utc_start_date_details":{"year":"2024","month":"06","day":"23","hour":"10","minutes":"00","seconds":"00"},"utc_end_date":"2024-06-23 16:00:00","utc_end_date_details":{"year":"2024","month":"06","day":"23","hour":"16","minutes":"00","seconds":"00"},"timezone":"Europe\/Paris","timezone_abbr":"CEST","cost":"","cost_details":{"currency_symbol":"","currency_code":"","currency_position":"prefix","values":[]},"website":"","show_map":true,"show_map_link":true,"hide_from_listings":false,"sticky":false,"featured":false,"categories":[{"name":"hors les murs","slug":"hors-les-murs","term_group":0,"term_taxonomy_id":52,"taxonomy":"tribe_events_cat","description":"","parent":0,"count":24,"filter":"raw","id":52,"urls":{"self":"https:\/\/programme.yiddish.paris\/index.php?rest_route=\/tribe\/events\/v1\/categories\/52","collection":"https:\/\/programme.yiddish.paris\/index.php?rest_route=\/tribe\/events\/v1\/categories"}}],"tags":[],"venue":[],"organizer":[],"custom_fields":[],"json_ld":{"@context":"http:\/\/schema.org","@type":"Event","name":"Hors les murs : Paroles des ch\u0153urs","description":"&lt;p&gt;D\u2019ann\u00e9e en ann\u00e9e, le succ\u00e8s de la rencontre des Chorales ne se d\u00e9ment pas. Sans doute parce qu\u2019elle fait vibrer le public aux sons des de m\u00e9lodies, rythmes et harmonies &hellip; &lt;\/p&gt;\\n&lt;p class=&quot;link-more&quot;&gt;&lt;a href=&quot;https:\/\/programme.yiddish.paris\/?tribe_events=hors-les-murs-paroles-des-choeurs&quot; class=&quot;more-link&quot;&gt;Continuer la lecture&lt;span class=&quot;screen-reader-text&quot;&gt; de &laquo;&nbsp;Hors les murs : Paroles des ch\u0153urs&nbsp;&raquo;&lt;\/span&gt;&lt;\/a&gt;&lt;\/p&gt;\\n","image":"https:\/\/programme.yiddish.paris\/wp-content\/uploads\/2024\/04\/Paroles-de-Choeurs-2048x986-1.jpeg","url":"https:\/\/programme.yiddish.paris\/?tribe_events=hors-les-murs-paroles-des-choeurs","eventAttendanceMode":"https:\/\/schema.org\/OfflineEventAttendanceMode","eventStatus":"https:\/\/schema.org\/EventScheduled","startDate":"2024-06-23T12:00:00+02:00","endDate":"2024-06-23T18:00:00+02:00","performer":"Organization"}}