{"id":5500,"global_id":"programme.yiddish.paris?id=5500","global_id_lineage":["programme.yiddish.paris?id=5500"],"author":"2","status":"publish","date":"2024-06-28 20:38:38","date_utc":"2024-06-28 18:38:38","modified":"2024-06-28 20:41:53","modified_utc":"2024-06-28 18:41:53","url":"https:\/\/programme.yiddish.paris\/?tribe_events=mini-festival-de-theatre-en-presentiel","rest_url":"https:\/\/programme.yiddish.paris\/index.php?rest_route=\/tribe\/events\/v1\/events\/5500","title":"Mini-festival de th\u00e9\u00e2tre (en pr\u00e9sentiel)","description":"<p class=\"p1\">Pour ouvrir la saison th\u00e9\u00e2trale, les com\u00e9diens de la Maison de la culture yiddish pr\u00e9sentent une nouvelle production encadr\u00e9e par deux de leurs grands succ\u00e8s comiques.<\/p>\n<p class=\"p4\"><strong><i>Sure Indik<\/i><\/strong> : mise en espace de la nouvelle extraite des <i>Gens de Kasrilevk\u00e8. <\/i><\/p>\n<p class=\"p4\">Vous avez r\u00eav\u00e9 d\u2019un met d\u00e9licieux ? Vous avez besoin de rire ? Et bien s\u00fbr vous aimez Sholem-Aleykhem ? Venez go\u00fbter \u00e0 l\u2019in\u00e9narrable cuisine de Sure Indik !<\/p>\n<p class=\"p4\">En yiddish surtitr\u00e9 en fran\u00e7ais (traduction d\u2019Annick Prime Margules).<\/p>\n<p class=\"p4\"><strong><i>Le Dibouk<\/i><\/strong> : un extrait de ce grand classique du th\u00e9\u00e2tre yiddish<span class=\"Apple-converted-space\">\u00a0<\/span>sera interpr\u00e9t\u00e9 en yiddish (surtitr\u00e9 en fran\u00e7ais) dans une mise en sc\u00e8ne intense.<\/p>\n<p class=\"p4\">Cette ann\u00e9e verra la parution en \u00e9dition bilingue (aux \u00e9ditions Biblioth\u00e8que Medem) du drame de Sh. An-ski dans une nouvelle traduction de Batia Baum.<\/p>\n<p class=\"p6\"><strong><i>Shulamis<\/i><\/strong> : l\u2019op\u00e9rette d\u2019Avrom\u00a0Goldfaden (1840-1908), l\u2019un des fondateurs du th\u00e9\u00e2tre yiddish, m\u00eale avec brio satire des traditions, histoire d\u2019amour et quiproquos.<\/p>\n<p class=\"p6\">Mise en espace d\u2019un extrait particuli\u00e8rement fantasque de l\u2019acte II.<\/p>\n<p class=\"p6\">Com\u00e9diens : <strong>Shahar Fineberg<\/strong>, <strong>Laurence Aptekier Fisbein<\/strong>, <strong>Michel Fisbein<\/strong>, <strong>Am\u00e9lie Moser<\/strong>, <strong>Annick Prime Margules<\/strong>.<\/p>\n<p class=\"p6\">Mise en sc\u00e8ne et en espace : <strong>Shahar Fineberg<\/strong> et <strong>Annick Prime Margules<\/strong>.<\/p>\n<p class=\"p1\">Ce cocktail tragi-burlesque sera accompagn\u00e9 d\u2019un ap\u00e9ritif.<\/p>\n<p id=\"block-9f12ed79-6edc-4770-bd43-8fe9522387fe\"><em>Tarif : 18 \u20ac. Adh\u00e9rents : 13 \u20ac*.<br \/>\n<a href=\"https:\/\/www.helloasso.com\/associations\/maison-de-la-culture-yiddish-bibliotheque-medem\/adhesions\/adhesion-en-ligne-a-la-maison-de-la-culture-yiddish-09-2024-08-2025\">*Adh\u00e9rez \u00e0 la Maison de la culture yiddish pour la saison 2024-2025<\/a>\u00a0et d\u00e9couvrez\u00a0<strong>le code promotionnel<\/strong>\u00a0qui vous donnera acc\u00e8s au\u00a0<strong>tarif r\u00e9duit<\/strong>\u00a0sur vos r\u00e9servations.<\/em><\/p>\n<p id=\"block-2ba98dcd-5f13-4105-b07b-0b0692c4fa6f\"><a href=\"https:\/\/www.helloasso.com\/associations\/maison-de-la-culture-yiddish-bibliotheque-medem\/evenements\/2024-09\"><strong>Cliquez ici<\/strong><\/a>\u00a0pour r\u00e9server (r\u00e9servation obligatoire).<\/p>\n<p id=\"block-02374118-74c5-4bea-b761-3a9a73091b35\"><strong>Attention : au moment du r\u00e8glement, la plateforme Helloasso vous proposera d\u2019ajouter une contribution \u00e0 son fonctionnement. Celle-ci est optionnelle, et vous pouvez changer son montant ou bien l\u2019annuler en appuyant sur le bouton \u00ab Modifier \u00bb.<\/strong><\/p>","excerpt":"","slug":"mini-festival-de-theatre-en-presentiel","image":{"url":"https:\/\/programme.yiddish.paris\/wp-content\/uploads\/2024\/06\/Shulamis.png","id":5502,"extension":"png","width":1614,"height":894,"filesize":2753025,"sizes":{"medium":{"width":300,"height":166,"mime-type":"image\/png","filesize":101670,"url":"https:\/\/programme.yiddish.paris\/wp-content\/uploads\/2024\/06\/Shulamis-300x166.png"},"large":{"width":1024,"height":567,"mime-type":"image\/png","filesize":894779,"url":"https:\/\/programme.yiddish.paris\/wp-content\/uploads\/2024\/06\/Shulamis-1024x567.png"},"thumbnail":{"width":150,"height":150,"mime-type":"image\/png","filesize":51429,"url":"https:\/\/programme.yiddish.paris\/wp-content\/uploads\/2024\/06\/Shulamis-150x150.png"},"medium_large":{"width":768,"height":425,"mime-type":"image\/png","filesize":550033,"url":"https:\/\/programme.yiddish.paris\/wp-content\/uploads\/2024\/06\/Shulamis-768x425.png"},"1536x1536":{"width":1536,"height":851,"mime-type":"image\/png","filesize":1732534,"url":"https:\/\/programme.yiddish.paris\/wp-content\/uploads\/2024\/06\/Shulamis-1536x851.png"},"twentyseventeen-thumbnail-avatar":{"width":100,"height":100,"mime-type":"image\/png","filesize":24154,"url":"https:\/\/programme.yiddish.paris\/wp-content\/uploads\/2024\/06\/Shulamis-100x100.png"},"menu-24x24":{"width":24,"height":13,"mime-type":"image\/png","filesize":1023,"url":"https:\/\/programme.yiddish.paris\/wp-content\/uploads\/2024\/06\/Shulamis-24x13.png"},"menu-28x28":{"width":28,"height":16,"mime-type":"image\/png","filesize":1387,"url":"https:\/\/programme.yiddish.paris\/wp-content\/uploads\/2024\/06\/Shulamis-28x16.png"},"menu-32x32":{"width":32,"height":18,"mime-type":"image\/png","filesize":1726,"url":"https:\/\/programme.yiddish.paris\/wp-content\/uploads\/2024\/06\/Shulamis-32x18.png"}}},"all_day":false,"start_date":"2024-09-21 19:00:00","start_date_details":{"year":"2024","month":"09","day":"21","hour":"19","minutes":"00","seconds":"00"},"end_date":"2024-09-21 20:30:00","end_date_details":{"year":"2024","month":"09","day":"21","hour":"20","minutes":"30","seconds":"00"},"utc_start_date":"2024-09-21 17:00:00","utc_start_date_details":{"year":"2024","month":"09","day":"21","hour":"17","minutes":"00","seconds":"00"},"utc_end_date":"2024-09-21 18:30:00","utc_end_date_details":{"year":"2024","month":"09","day":"21","hour":"18","minutes":"30","seconds":"00"},"timezone":"Europe\/Paris","timezone_abbr":"CEST","cost":"","cost_details":{"currency_symbol":"\u20ac","currency_code":"USD","currency_position":"prefix","values":[]},"website":"","show_map":true,"show_map_link":true,"hide_from_listings":false,"sticky":false,"featured":false,"categories":[{"name":"divertissement","slug":"divertissement","term_group":0,"term_taxonomy_id":39,"taxonomy":"tribe_events_cat","description":"","parent":0,"count":85,"filter":"raw","id":39,"urls":{"self":"https:\/\/programme.yiddish.paris\/index.php?rest_route=\/tribe\/events\/v1\/categories\/39","collection":"https:\/\/programme.yiddish.paris\/index.php?rest_route=\/tribe\/events\/v1\/categories"}},{"name":"spectacle","slug":"spectacle","term_group":0,"term_taxonomy_id":68,"taxonomy":"tribe_events_cat","description":"","parent":0,"count":11,"filter":"raw","id":68,"urls":{"self":"https:\/\/programme.yiddish.paris\/index.php?rest_route=\/tribe\/events\/v1\/categories\/68","collection":"https:\/\/programme.yiddish.paris\/index.php?rest_route=\/tribe\/events\/v1\/categories"}}],"tags":[],"venue":[],"organizer":[],"custom_fields":[],"json_ld":{"@context":"http:\/\/schema.org","@type":"Event","name":"Mini-festival de th\u00e9\u00e2tre (en pr\u00e9sentiel)","description":"&lt;p&gt;Pour ouvrir la saison th\u00e9\u00e2trale, les com\u00e9diens de la Maison de la culture yiddish pr\u00e9sentent une nouvelle production encadr\u00e9e par deux de leurs grands succ\u00e8s comiques. Sure Indik : mise &hellip; &lt;\/p&gt;\\n&lt;p class=&quot;link-more&quot;&gt;&lt;a href=&quot;https:\/\/programme.yiddish.paris\/?tribe_events=mini-festival-de-theatre-en-presentiel&quot; class=&quot;more-link&quot;&gt;Continuer la lecture&lt;span class=&quot;screen-reader-text&quot;&gt; de &laquo;&nbsp;Mini-festival de th\u00e9\u00e2tre (en pr\u00e9sentiel)&nbsp;&raquo;&lt;\/span&gt;&lt;\/a&gt;&lt;\/p&gt;\\n","image":"https:\/\/programme.yiddish.paris\/wp-content\/uploads\/2024\/06\/Shulamis.png","url":"https:\/\/programme.yiddish.paris\/?tribe_events=mini-festival-de-theatre-en-presentiel","eventAttendanceMode":"https:\/\/schema.org\/OfflineEventAttendanceMode","eventStatus":"https:\/\/schema.org\/EventScheduled","startDate":"2024-09-21T19:00:00+02:00","endDate":"2024-09-21T20:30:00+02:00","performer":"Organization"}}