{"id":5648,"global_id":"programme.yiddish.paris?id=5648","global_id_lineage":["programme.yiddish.paris?id=5648"],"author":"2","status":"publish","date":"2024-11-05 08:10:39","date_utc":"2024-11-05 07:10:39","modified":"2024-11-27 10:33:44","modified_utc":"2024-11-27 09:33:44","url":"https:\/\/programme.yiddish.paris\/?tribe_events=karl-marx-et-la-question-juive-ce-que-lon-sait-moins-en-francais-en-presentiel","rest_url":"https:\/\/programme.yiddish.paris\/index.php?rest_route=\/tribe\/events\/v1\/events\/5648","title":"Karl Marx et la question juive \u2013 ce que l\u2019on sait moins (en fran\u00e7ais, en pr\u00e9sentiel)","description":"<p class=\"p1\"><span style=\"color: #ff0000;\"><strong>Jeudi 6 f\u00e9vrier 2025, 19h30-21h00<\/strong><\/span><\/p>\n<h3 class=\"p1\">Conf\u00e9rence de <strong>Philippe Boukara<\/strong><\/h3>\n<p class=\"p1\">Philippe Boukara explorera dans la biographie de Marx et de son entourage certains \u00e9l\u00e9ments souvent surprenants qui m\u00e9ritent d&rsquo;\u00eatre pris en compte lorsque l&rsquo;on \u00e9voque la relation entre \u00ab\u00a0le marxisme\u00a0\u00bb, les marxistes, les Juifs et le juda\u00efsme.<\/p>\n<p class=\"p1\">Historien, Philippe Boukara est sp\u00e9cialiste d&rsquo;histoire juive contemporaine.<\/p>\n<p>La rencontre se d\u00e9roule en fran\u00e7ais, en pr\u00e9sentiel.<\/p>\n<p><em>Tarif : 12 \u20ac. Adh\u00e9rents : 7 \u20ac*.<br \/>\n<a href=\"https:\/\/www.helloasso.com\/associations\/maison-de-la-culture-yiddish-bibliotheque-medem\/adhesions\/adhesion-en-ligne-a-la-maison-de-la-culture-yiddish-2021-2022\">*<\/a><a href=\"https:\/\/www.helloasso.com\/associations\/maison-de-la-culture-yiddish-bibliotheque-medem\/adhesions\/adhesion-en-ligne-a-la-maison-de-la-culture-yiddish-09-2024-08-2025\">Adh\u00e9rez \u00e0 la Maison de la culture yiddish pour la saison 2024-2025<\/a>\u00a0et d\u00e9couvrez\u00a0<strong>le code promotionnel<\/strong>\u00a0qui vous donnera acc\u00e8s au\u00a0<strong>tarif r\u00e9duit<\/strong>\u00a0sur vos r\u00e9servations.<\/em><\/p>\n<p><span style=\"color: #ff0000;\"><a style=\"color: #ff0000;\" href=\"https:\/\/www.helloasso.com\/associations\/maison-de-la-culture-yiddish-bibliotheque-medem\/evenements\/2025-02\"><strong>Cliquez ici<\/strong><\/a><\/span>\u00a0pour r\u00e9server (r\u00e9servation obligatoire).<\/p>\n<p><strong>Attention : au moment du r\u00e8glement, la plateforme Helloasso vous proposera d\u2019ajouter une contribution \u00e0 son fonctionnement. Celle-ci est optionnelle, et vous pouvez changer son montant ou bien l\u2019annuler en appuyant sur le bouton \u00ab Modifier \u00bb.<\/strong><\/p>","excerpt":"","slug":"karl-marx-et-la-question-juive-ce-que-lon-sait-moins-en-francais-en-presentiel","image":{"url":"https:\/\/programme.yiddish.paris\/wp-content\/uploads\/2024\/11\/Karl_Marx.jpg","id":5649,"extension":"jpg","width":1200,"height":1721,"filesize":576806,"sizes":{"medium":{"width":209,"height":300,"mime-type":"image\/jpeg","filesize":11632,"url":"https:\/\/programme.yiddish.paris\/wp-content\/uploads\/2024\/11\/Karl_Marx-209x300.jpg"},"large":{"width":714,"height":1024,"mime-type":"image\/jpeg","filesize":150234,"url":"https:\/\/programme.yiddish.paris\/wp-content\/uploads\/2024\/11\/Karl_Marx-714x1024.jpg"},"thumbnail":{"width":150,"height":150,"mime-type":"image\/jpeg","filesize":5283,"url":"https:\/\/programme.yiddish.paris\/wp-content\/uploads\/2024\/11\/Karl_Marx-150x150.jpg"},"medium_large":{"width":768,"height":1101,"mime-type":"image\/jpeg","filesize":177410,"url":"https:\/\/programme.yiddish.paris\/wp-content\/uploads\/2024\/11\/Karl_Marx-768x1101.jpg"},"1536x1536":{"width":1071,"height":1536,"mime-type":"image\/jpeg","filesize":353595,"url":"https:\/\/programme.yiddish.paris\/wp-content\/uploads\/2024\/11\/Karl_Marx-1071x1536.jpg"},"twentyseventeen-featured-image":{"width":1200,"height":1200,"mime-type":"image\/jpeg","filesize":359101,"url":"https:\/\/programme.yiddish.paris\/wp-content\/uploads\/2024\/11\/Karl_Marx-1200x1200.jpg"},"twentyseventeen-thumbnail-avatar":{"width":100,"height":100,"mime-type":"image\/jpeg","filesize":2909,"url":"https:\/\/programme.yiddish.paris\/wp-content\/uploads\/2024\/11\/Karl_Marx-100x100.jpg"},"menu-24x24":{"width":17,"height":24,"mime-type":"image\/jpeg","filesize":640,"url":"https:\/\/programme.yiddish.paris\/wp-content\/uploads\/2024\/11\/Karl_Marx-17x24.jpg"},"menu-28x28":{"width":20,"height":28,"mime-type":"image\/jpeg","filesize":703,"url":"https:\/\/programme.yiddish.paris\/wp-content\/uploads\/2024\/11\/Karl_Marx-20x28.jpg"},"menu-32x32":{"width":22,"height":32,"mime-type":"image\/jpeg","filesize":707,"url":"https:\/\/programme.yiddish.paris\/wp-content\/uploads\/2024\/11\/Karl_Marx-22x32.jpg"}}},"all_day":false,"start_date":"2025-02-06 19:30:00","start_date_details":{"year":"2025","month":"02","day":"06","hour":"19","minutes":"30","seconds":"00"},"end_date":"2025-02-06 21:00:00","end_date_details":{"year":"2025","month":"02","day":"06","hour":"21","minutes":"00","seconds":"00"},"utc_start_date":"2025-02-06 18:30:00","utc_start_date_details":{"year":"2025","month":"02","day":"06","hour":"18","minutes":"30","seconds":"00"},"utc_end_date":"2025-02-06 20:00:00","utc_end_date_details":{"year":"2025","month":"02","day":"06","hour":"20","minutes":"00","seconds":"00"},"timezone":"Europe\/Paris","timezone_abbr":"CET","cost":"","cost_details":{"currency_symbol":"\u20ac","currency_code":"USD","currency_position":"prefix","values":[]},"website":"","show_map":true,"show_map_link":true,"hide_from_listings":false,"sticky":false,"featured":false,"categories":[{"name":"conf\u00e9rence","slug":"conference","term_group":0,"term_taxonomy_id":53,"taxonomy":"tribe_events_cat","description":"","parent":0,"count":105,"filter":"raw","id":53,"urls":{"self":"https:\/\/programme.yiddish.paris\/index.php?rest_route=\/tribe\/events\/v1\/categories\/53","collection":"https:\/\/programme.yiddish.paris\/index.php?rest_route=\/tribe\/events\/v1\/categories"}},{"name":"fran\u00e7ais","slug":"francais","term_group":0,"term_taxonomy_id":55,"taxonomy":"tribe_events_cat","description":"","parent":0,"count":147,"filter":"raw","id":55,"urls":{"self":"https:\/\/programme.yiddish.paris\/index.php?rest_route=\/tribe\/events\/v1\/categories\/55","collection":"https:\/\/programme.yiddish.paris\/index.php?rest_route=\/tribe\/events\/v1\/categories"}}],"tags":[],"venue":[],"organizer":[],"custom_fields":[],"json_ld":{"@context":"http:\/\/schema.org","@type":"Event","name":"Karl Marx et la question juive \u2013 ce que l\u2019on sait moins (en fran\u00e7ais, en pr\u00e9sentiel)","description":"&lt;p&gt;Jeudi 6 f\u00e9vrier 2025, 19h30-21h00 Conf\u00e9rence de Philippe Boukara Philippe Boukara explorera dans la biographie de Marx et de son entourage certains \u00e9l\u00e9ments souvent surprenants qui m\u00e9ritent d\\'\u00eatre pris en &hellip; &lt;\/p&gt;\\n&lt;p class=&quot;link-more&quot;&gt;&lt;a href=&quot;https:\/\/programme.yiddish.paris\/?tribe_events=karl-marx-et-la-question-juive-ce-que-lon-sait-moins-en-francais-en-presentiel&quot; class=&quot;more-link&quot;&gt;Continuer la lecture&lt;span class=&quot;screen-reader-text&quot;&gt; de &laquo;&nbsp;Karl Marx et la question juive \u2013 ce que l\u2019on sait moins (en fran\u00e7ais, en pr\u00e9sentiel)&nbsp;&raquo;&lt;\/span&gt;&lt;\/a&gt;&lt;\/p&gt;\\n","image":"https:\/\/programme.yiddish.paris\/wp-content\/uploads\/2024\/11\/Karl_Marx.jpg","url":"https:\/\/programme.yiddish.paris\/?tribe_events=karl-marx-et-la-question-juive-ce-que-lon-sait-moins-en-francais-en-presentiel","eventAttendanceMode":"https:\/\/schema.org\/OfflineEventAttendanceMode","eventStatus":"https:\/\/schema.org\/EventScheduled","startDate":"2025-02-06T19:30:00+01:00","endDate":"2025-02-06T21:00:00+01:00","performer":"Organization"}}