{"id":5733,"global_id":"programme.yiddish.paris?id=5733","global_id_lineage":["programme.yiddish.paris?id=5733"],"author":"2","status":"publish","date":"2024-11-27 11:03:51","date_utc":"2024-11-27 10:03:51","modified":"2025-02-12 17:32:56","modified_utc":"2025-02-12 16:32:56","url":"https:\/\/programme.yiddish.paris\/?tribe_events=seminaire-mensuel-de-litterature-yiddish-en-yiddish-sur-zoom-19","rest_url":"https:\/\/programme.yiddish.paris\/index.php?rest_route=\/tribe\/events\/v1\/events\/5733","title":"S\u00e9minaire mensuel de litt\u00e9rature yiddish (en yiddish, sur Zoom)","description":"<h2><strong>S\u00e9minaire mensuel de litt\u00e9rature yiddish<\/strong>\u00a0sous la direction de\u00a0<strong>Sharon Bar-Kochva<\/strong>,\u00a0<strong>Yitskhok Niborski<\/strong>\u00a0et\u00a0<strong>Natalia Krynicka<\/strong><\/h2>\n<p><span style=\"color: #ff0000;\"><strong>Dimanche 16 f\u00e9vrier 2025, 9h30-17h00<\/strong><\/span><\/p>\n<p>Th\u00e8me :\u00a0<strong>La famille Reyzen<\/strong><\/p>\n<p><strong>09h30 \u2013 11h00\u00a0Yitskhok Niborski\u00a0<\/strong>: Khaim Grade, \u00ab\u00a0Unter di gevelbte toyern\u00a0\u00bb<strong><br \/>\n11h30 \u2013 13h00\u00a0Sharon Bar-Kochva<\/strong> : Avrom Reyzen<br \/>\n<strong>14h30 \u2013 17h00\u00a0Natalia Krynicka<\/strong> : Sore Reyzen (2)<\/p>\n<p>Le s\u00e9minaire se d\u00e9roule en yiddish, sur Zoom.<\/p>\n<p><em>Tarif : 35 \u20ac. Adh\u00e9rents : 30 \u20ac*.<br \/>\n<a href=\"https:\/\/www.helloasso.com\/associations\/maison-de-la-culture-yiddish-bibliotheque-medem\/adhesions\/adhesion-en-ligne-a-la-maison-de-la-culture-yiddish-2021-2022\">*<\/a><a href=\"https:\/\/www.helloasso.com\/associations\/maison-de-la-culture-yiddish-bibliotheque-medem\/adhesions\/adhesion-en-ligne-a-la-maison-de-la-culture-yiddish-09-2024-08-2025\">Adh\u00e9rez \u00e0 la Maison de la culture yiddish pour la saison 2024-2025<\/a>\u00a0et d\u00e9couvrez\u00a0<strong>le code promotionnel<\/strong>\u00a0qui vous donnera acc\u00e8s au\u00a0<strong>tarif r\u00e9duit<\/strong>\u00a0sur vos r\u00e9servations.<\/em><\/p>\n<p><a href=\"https:\/\/www.helloasso.com\/associations\/maison-de-la-culture-yiddish-bibliotheque-medem\/evenements\/2025-02\"><strong>Cliquez ici<\/strong><\/a>\u00a0pour r\u00e9server (r\u00e9servation obligatoire).<\/p>\n<p><strong>Attention : au moment du r\u00e8glement, la plateforme Helloasso vous proposera d\u2019ajouter une contribution \u00e0 son fonctionnement. Celle-ci est optionnelle, et vous pouvez changer son montant ou bien l\u2019annuler en appuyant sur le bouton \u00ab Modifier \u00bb.<\/strong><\/p>\n<p><img loading=\"lazy\" decoding=\"async\" class=\"alignright wp-image-3209 size-thumbnail\" src=\"https:\/\/programme.yiddish.paris\/wp-content\/uploads\/2022\/02\/Logo-FMS-150x150.jpg\" sizes=\"auto, (max-width: 150px) 100vw, 150px\" srcset=\"https:\/\/programme.yiddish.paris\/wp-content\/uploads\/2022\/02\/Logo-FMS-150x150.jpg 150w, https:\/\/programme.yiddish.paris\/wp-content\/uploads\/2022\/02\/Logo-FMS-300x300.jpg 300w, https:\/\/programme.yiddish.paris\/wp-content\/uploads\/2022\/02\/Logo-FMS-100x100.jpg 100w, https:\/\/programme.yiddish.paris\/wp-content\/uploads\/2022\/02\/Logo-FMS-24x24.jpg 24w, https:\/\/programme.yiddish.paris\/wp-content\/uploads\/2022\/02\/Logo-FMS-28x28.jpg 28w, https:\/\/programme.yiddish.paris\/wp-content\/uploads\/2022\/02\/Logo-FMS-32x32.jpg 32w, https:\/\/programme.yiddish.paris\/wp-content\/uploads\/2022\/02\/Logo-FMS.jpg 567w\" alt=\"\" width=\"150\" height=\"150\" \/>La saison \u00ab La famille Reyzen \u00bb est soutenue par la Fondation pour la m\u00e9moire de la Shoah.<\/p>\n<h2 class=\"has-text-align-right\" style=\"text-align: right;\">\u05d7\u05d5\u05d3\u05e9\u05dc\u05e2\u05db\u05e2\u05e8 \u05e1\u05e2\u05de\u05d9\u05e0\u05d0\u05b7\u05e8 \u05e4\u05bf\u05d5\u05df \u05d9\u05d9\u05b4\u05d3\u05d9\u05e9\u05e2\u05e8 \u05dc\u05d9\u05d8\u05e2\u05e8\u05d0\u05b7\u05d8\u05d5\u05e8 \u05d0\u05d5\u05e0\u05d8\u05e2\u05e8 \u05d3\u05e2\u05e8 \u05d0\u05b8\u05e0\u05e4\u05bf\u05d9\u05e8\u05d5\u05e0\u05d2 \u05e4\u05bf\u05d5\u05df\u00a0<strong>\u05e9\u05e8\u05d5\u05df \u05d1\u05e8\u05be\u05db\u05bc\u05d5\u05db\u05d1\u05bf\u05d0<\/strong>,\u00a0<strong>\u05d9\u05e6\u05d7\u05e7 \u05e0\u05d9\u05d1\u05d0\u05b8\u05e8\u05e1\u05e7\u05d9\u00a0<\/strong>\u05d0\u05d5\u05df\u00a0<strong>\u05e0\u05d0\u05b7\u05d8\u05d0\u05b7\u05dc\u05d9\u05e2 \u05e7\u05e8\u05d9\u05e0\u05d9\u05e6\u05e7\u05d0\u05b7<\/strong><\/h2>\n<p style=\"text-align: right;\"><span style=\"color: #ff0000;\"><strong>\u00a0\u05d6\u05d5\u05e0\u05d8\u05d9\u05e7 \u05d3\u05e2\u05dd 16\u05d8\u05df \u05e4\u05bf\u05e2\u05d1\u05e8\u05d5\u05d0\u05b7\u05e8 2025, 9.30 \u05d0\u05d9\u05df \u05d3\u05e2\u05e8 \u05e4\u05bf\u05e8\u05d9 \u2014 5.00 \u05d0\u05b7\u05d6\u05f3 \u05e0\u05d0\u05b8\u05da \u05de\u05d9\u05d8\u05d0\u05b8\u05d2 \u05e4\u05bc\u05d0\u05b7\u05e8\u05d9\u05d6\u05e2\u05e8 \u05e6\u05f2\u05b7\u05d8<\/strong><\/span><\/p>\n<p style=\"text-align: right;\">\u05d8\u05e2\u05de\u05e2 :\u00a0<strong>\u05d3\u05d9 \u05de\u05e9\u05e4\u05bc\u05d7\u05d4 \u05e8\u05d9\u05d9\u05d6\u05e2\u05df<\/strong><\/p>\n<p dir=\"rtl\"><strong>9.30 \u2013 11.00\u00a0\u05d0\u05b7\u05d6\u2019 \u05d9\u05e6\u05d7\u05e7 \u05e0\u05d9\u05d1\u05d0\u05b8\u05e8\u05e1\u05e7\u05d9\u00a0<\/strong>: \u05d7\u05d9\u05d9\u05dd \u05d2\u05e8\u05d0\u05b7\u05d3\u05e2, \u201e\u05d0\u05d5\u05e0\u05d8\u05e2\u05e8 \u05d3\u05d9 \u05d2\u05e2\u05d5\u05d5\u05e2\u05dc\u05d1\u05d8\u05e2 \u05d8\u05d5\u05d9\u05e2\u05e8\u05df\u201c<br \/>\n<strong>11.30 \u2013 13.00\u00a0\u05d0\u05b7\u05d6\u2019 \u05e9\u05e8\u05d5\u05df \u05d1\u05e8\u05be\u05db\u05bc\u05d5\u05db\u05d1\u05bf\u05d0\u00a0<\/strong>: \u05d0\u05b7\u05d1\u05bf\u05e8\u05d4\u05dd \u05e8\u05d9\u05d9\u05d6\u05e2\u05df<br \/>\n<strong>14.30 \u2013 17.00\u00a0\u05d0\u05b7\u05d6\u05f3 \u05e0\u05d0\u05b7\u05d8\u05d0\u05b7\u05dc\u05d9\u05e2 \u05e7\u05e8\u05d9\u05e0\u05d9\u05e6\u05e7\u05d0\u05b7<\/strong> : \u05e9\u05c2\u05e8\u05d4 \u05e8\u05d9\u05d9\u05d6\u05e2\u05df<\/p>\n<p dir=\"rtl\">\u05d3\u05e2\u05e8 \u05e1\u05e2\u05de\u05d9\u05e0\u05d0\u05b7\u05e8 \u05e7\u05d5\u05de\u05d8 \u05e4\u05bf\u05d0\u05b8\u05e8 \u05d0\u05d5\u05d9\u05e3 \u05d9\u05d9\u05b4\u05d3\u05d9\u05e9, \u05d3\u05d5\u05e8\u05da \u05d6\u05d5\u05dd.<\/p>\n<p dir=\"rtl\">\u05d0\u05d5\u05d9\u05d1 \u05d0\u05d9\u05e8 \u05d4\u05d0\u05b8\u05d8 \u05e4\u05bf\u05e8\u05d0\u05b7\u05d2\u05e2\u05e1\u2009:\u00a0<a href=\"mailto:talmidim@yiddishweb.com\"><strong>talmidim@yiddishweb.com<\/strong><\/a><\/p>\n<p dir=\"rtl\">\u05de\u05e2 \u05d3\u05d0\u05b7\u05e8\u05e3 \u05d6\u05d9\u05da \u05d0\u05d5\u05de\u05d1\u05d0\u05b7\u05d3\u05d9\u05e0\u05d2\u05d8 \u05d0\u05f2\u05b7\u05e0\u05e9\u05e8\u05f2\u05b7\u05d1\u05df \u05d0\u05d9\u05df \u05e4\u05bf\u05d0\u05b8\u05e8\u05d5\u05d9\u05e1.<\/p>\n<h3 dir=\"rtl\"><a href=\"https:\/\/www.helloasso.com\/associations\/maison-de-la-culture-yiddish-bibliotheque-medem\/evenements\/2025-02\"><strong>\u05d0\u05f2\u05b7\u05e0\u05e9\u05e8\u05f2\u05b7\u05d1\u05d5\u05e0\u05d2<\/strong><\/a><\/h3>\n<p dir=\"rtl\">\u05e9\u05b9\u05db\u05e8\u05be\u05dc\u05d9\u05de\u05d5\u05d3 : 35 \u05d0\u05d9\u05d9\u05e8\u05d0\u05b8\u05e1. \u05de\u05d9\u05d8\u05d2\u05dc\u05d9\u05d3\u05e2\u05e8* : 30 \u05d0\u05d9\u05d9\u05e8\u05d0\u05b8\u05e1.<\/p>\n<p dir=\"rtl\">*\u05d0\u05d5\u05d9\u05d1 \u05d0\u05d9\u05e8\u00a0\u05d5\u05d5\u05e2\u05e8\u05d8 \u05d0\u05b7\u00a0<a href=\"https:\/\/www.helloasso.com\/associations\/maison-de-la-culture-yiddish-bibliotheque-medem\/adhesions\/adhesion-en-ligne-a-la-maison-de-la-culture-yiddish-09-2024-08-2025\">\u05de\u05d9\u05d8\u05d2\u05dc\u05d9\u05d3 \u05d0\u05d9\u05e0\u05e2\u05dd \u05e4\u05bc\u05d0\u05b7\u05e8\u05d9\u05d6\u05e2\u05e8 \u05d9\u05d9\u05b4\u05d3\u05d9\u05e9\u05be\u05e6\u05e2\u05e0\u05d8\u05e2\u05e8 \u05e4\u05bf\u05d0\u05b7\u05e8\u05df \u05d9\u05d0\u05b8\u05e8\u00a0 2025-2024<\/a>, \u05d5\u05d5\u05e2\u05d8 \u05d0\u05d9\u05e8 \u05e7\u05e8\u05d9\u05d2\u05df \u05d0\u05b7 \u05d4\u05e0\u05d7\u05d4\u05be\u05e7\u05d0\u05b8\u05d3 \u05e4\u05bf\u05d0\u05b7\u05e8\u05df \u05de\u05d9\u05d8\u05d2\u05dc\u05d9\u05d3\u05e2\u05e8\u05be\u05e4\u05bc\u05e8\u05f2\u05b7\u05d6.<\/p>\n<p dir=\"rtl\"><strong>\u05d5\u05d5\u05e2\u05df \u05d0\u05d9\u05e8 \u05d5\u05d5\u05e2\u05d8 \u05d4\u05d0\u05b7\u05dc\u05d8\u05df \u05d1\u05f2\u05b7\u05dd \u05d1\u05d0\u05b7\u05e6\u05d0\u05b8\u05dc\u05df, \u05d5\u05d5\u05e2\u05d8 \u05d0\u05f2\u05b7\u05da \u00ab \u05d4\u05e2\u05dc\u05d0\u05b8\u05d0\u05b7\u05e1\u05d0\u05b8 \u00bb \u05e4\u05bf\u05d0\u05b8\u05e8\u05dc\u05d9\u05d9\u05d2\u05df \u05d0\u05b7 \u05e6\u05d5\u05d2\u05d0\u05b8\u05d1\u05be\u05e6\u05d5\u05e9\u05d8\u05f2\u05b7\u05e2\u05e8 \u05e4\u05bf\u05d0\u05b7\u05e8\u05df \u05e7\u05d9\u05d5\u05dd \u05e4\u05bf\u05d5\u05df \u05d3\u05e2\u05e8 \u05d3\u05d0\u05b8\u05d6\u05d9\u05e7\u05e2\u05e8 \u05e4\u05bc\u05dc\u05d0\u05b7\u05d8\u05e4\u05bf\u05d0\u05b8\u05e8\u05de\u05e2. \u05d3\u05d0\u05b8\u05e1 \u05d0\u05d9\u05d6 \u05d0\u05b8\u05e4\u05bc\u05e6\u05d9\u05d0\u05b8\u05e0\u05e2\u05dc : \u05d0\u05d9\u05e8 \u05e7\u05e2\u05e0\u05d8 \u05d1\u05f2\u05b7\u05d8\u05df \u05d3\u05d9 \u05e1\u05d5\u05de\u05e2 \u05d0\u05b8\u05d3\u05e2\u05e8 \u05d0\u05b7\u05e0\u05d5\u05dc\u05d9\u05e8\u05df \u05d3\u05e2\u05dd \u05e6\u05d5\u05e9\u05d8\u05f2\u05b7\u05e2\u05e8 \u05de\u05d9\u05d8\u05df \u05e7\u05e0\u05e2\u05e4\u05bc\u05dc \u00ab\u00a0Modifier\u00a0\u00bb.<\/strong><\/p>","excerpt":"","slug":"seminaire-mensuel-de-litterature-yiddish-en-yiddish-sur-zoom-19","image":{"url":"https:\/\/programme.yiddish.paris\/wp-content\/uploads\/2024\/11\/Avrom-Reyzen-Czernowitz.jpg","id":5734,"extension":"jpg","width":600,"height":400,"filesize":30952,"sizes":{"medium":{"width":300,"height":200,"mime-type":"image\/jpeg","filesize":11640,"url":"https:\/\/programme.yiddish.paris\/wp-content\/uploads\/2024\/11\/Avrom-Reyzen-Czernowitz-300x200.jpg"},"thumbnail":{"width":150,"height":150,"mime-type":"image\/jpeg","filesize":5409,"url":"https:\/\/programme.yiddish.paris\/wp-content\/uploads\/2024\/11\/Avrom-Reyzen-Czernowitz-150x150.jpg"},"twentyseventeen-thumbnail-avatar":{"width":100,"height":100,"mime-type":"image\/jpeg","filesize":3050,"url":"https:\/\/programme.yiddish.paris\/wp-content\/uploads\/2024\/11\/Avrom-Reyzen-Czernowitz-100x100.jpg"},"menu-24x24":{"width":24,"height":16,"mime-type":"image\/jpeg","filesize":451,"url":"https:\/\/programme.yiddish.paris\/wp-content\/uploads\/2024\/11\/Avrom-Reyzen-Czernowitz-24x16.jpg"},"menu-28x28":{"width":28,"height":19,"mime-type":"image\/jpeg","filesize":574,"url":"https:\/\/programme.yiddish.paris\/wp-content\/uploads\/2024\/11\/Avrom-Reyzen-Czernowitz-28x19.jpg"},"menu-32x32":{"width":32,"height":21,"mime-type":"image\/jpeg","filesize":581,"url":"https:\/\/programme.yiddish.paris\/wp-content\/uploads\/2024\/11\/Avrom-Reyzen-Czernowitz-32x21.jpg"}}},"all_day":false,"start_date":"2025-02-16 09:30:00","start_date_details":{"year":"2025","month":"02","day":"16","hour":"09","minutes":"30","seconds":"00"},"end_date":"2025-02-16 17:00:00","end_date_details":{"year":"2025","month":"02","day":"16","hour":"17","minutes":"00","seconds":"00"},"utc_start_date":"2025-02-16 08:30:00","utc_start_date_details":{"year":"2025","month":"02","day":"16","hour":"08","minutes":"30","seconds":"00"},"utc_end_date":"2025-02-16 16:00:00","utc_end_date_details":{"year":"2025","month":"02","day":"16","hour":"16","minutes":"00","seconds":"00"},"timezone":"Europe\/Paris","timezone_abbr":"CET","cost":"","cost_details":{"currency_symbol":"\u20ac","currency_code":"USD","currency_position":"prefix","values":[]},"website":"","show_map":true,"show_map_link":true,"hide_from_listings":false,"sticky":false,"featured":false,"categories":[{"name":"s\u00e9minaire","slug":"seminaire","term_group":0,"term_taxonomy_id":45,"taxonomy":"tribe_events_cat","description":"","parent":0,"count":66,"filter":"raw","id":45,"urls":{"self":"https:\/\/programme.yiddish.paris\/index.php?rest_route=\/tribe\/events\/v1\/categories\/45","collection":"https:\/\/programme.yiddish.paris\/index.php?rest_route=\/tribe\/events\/v1\/categories"}},{"name":"yiddish","slug":"yiddish","term_group":0,"term_taxonomy_id":56,"taxonomy":"tribe_events_cat","description":"","parent":0,"count":257,"filter":"raw","id":56,"urls":{"self":"https:\/\/programme.yiddish.paris\/index.php?rest_route=\/tribe\/events\/v1\/categories\/56","collection":"https:\/\/programme.yiddish.paris\/index.php?rest_route=\/tribe\/events\/v1\/categories"}}],"tags":[],"venue":[],"organizer":[],"custom_fields":[],"json_ld":{"@context":"http:\/\/schema.org","@type":"Event","name":"S\u00e9minaire mensuel de litt\u00e9rature yiddish (en yiddish, sur Zoom)","description":"&lt;p&gt;S\u00e9minaire mensuel de litt\u00e9rature yiddish\u00a0sous la direction de\u00a0Sharon Bar-Kochva,\u00a0Yitskhok Niborski\u00a0et\u00a0Natalia Krynicka Dimanche 16 f\u00e9vrier 2025, 9h30-17h00 Th\u00e8me :\u00a0La famille Reyzen 09h30 \u2013 11h00\u00a0Yitskhok Niborski\u00a0: Khaim Grade, &quot;Unter di gevelbte toyern&quot; &hellip; &lt;\/p&gt;\\n&lt;p class=&quot;link-more&quot;&gt;&lt;a href=&quot;https:\/\/programme.yiddish.paris\/?tribe_events=seminaire-mensuel-de-litterature-yiddish-en-yiddish-sur-zoom-19&quot; class=&quot;more-link&quot;&gt;Continuer la lecture&lt;span class=&quot;screen-reader-text&quot;&gt; de &laquo;&nbsp;S\u00e9minaire mensuel de litt\u00e9rature yiddish (en yiddish, sur Zoom)&nbsp;&raquo;&lt;\/span&gt;&lt;\/a&gt;&lt;\/p&gt;\\n","image":"https:\/\/programme.yiddish.paris\/wp-content\/uploads\/2024\/11\/Avrom-Reyzen-Czernowitz.jpg","url":"https:\/\/programme.yiddish.paris\/?tribe_events=seminaire-mensuel-de-litterature-yiddish-en-yiddish-sur-zoom-19","eventAttendanceMode":"https:\/\/schema.org\/OfflineEventAttendanceMode","eventStatus":"https:\/\/schema.org\/EventScheduled","startDate":"2025-02-16T09:30:00+01:00","endDate":"2025-02-16T17:00:00+01:00","performer":"Organization"}}