{"id":5889,"global_id":"programme.yiddish.paris?id=5889","global_id_lineage":["programme.yiddish.paris?id=5889"],"author":"2","status":"publish","date":"2025-01-14 09:55:16","date_utc":"2025-01-14 08:55:16","modified":"2025-01-14 10:01:50","modified_utc":"2025-01-14 09:01:50","url":"https:\/\/programme.yiddish.paris\/?tribe_events=cabaret-itsik-manger","rest_url":"https:\/\/programme.yiddish.paris\/index.php?rest_route=\/tribe\/events\/v1\/events\/5889","title":"Cabaret Itsik Manger (en pr\u00e9sentiel)","description":"<h2>Je dispara\u00eetrai avec le nuage \/ \u05d5\u05d5\u05e2\u05dc \u05d0\u05d9\u05da \u05d2\u05d9\u05d9\u05df \u05d0\u05d5\u05df \u05e4\u05bf\u05d0\u05b7\u05e8\u05d2\u05d9\u05d9\u05df \u05de\u05d9\u05d8\u05df \u05d5\u05d5\u05d0\u05b8\u05dc\u05e7\u05df<\/h2>\n<p class=\"p4\"><i>Cabaret nomade en dix chansons, quelques po\u00e8mes et une ritournelle autour de l\u2019\u0153uvre et la vie d\u2019Itsik Manger<\/i><\/p>\n<p class=\"p5\"><b>Itsik Manger<\/b>\u00a0(1901-1969) fut l\u2019un des plus grands po\u00e8tes yiddish du 20<span class=\"s1\"><sup>e<\/sup><\/span> si\u00e8cle. N\u00e9 en Bukovine, il a v\u00e9cu en Roumanie, en Pologne, en France, en Angleterre, aux \u00c9tats-Unis.<\/p>\n<p class=\"p5\">D\u00e8s les ann\u00e9es 1930, ses po\u00e8mes ont \u00e9t\u00e9 mis en musique, comme le c\u00e9l\u00e8bre \u00ab Oyfn veg shteyt a boym \u00bb, chant\u00e9 par presque tous les interpr\u00e8tes de chansons yiddish et les ch\u0153urs, ou \u00ab Yidl mitn fidl \u00bb, \u00e9crit pour le film du m\u00eame nom tourn\u00e9 en Pologne en 1936 et interpr\u00e9t\u00e9 depuis partout dans le monde. En 1965, le spectacle con\u00e7u sur ses <i>Megile-lider<\/i> (Chants de la Meguila) eut un immense succ\u00e8s en Isra\u00ebl, o\u00f9 il s\u2019installe pour finir ses jours et dont il dit \u00ab\u00a0Pendant des ann\u00e9es, j\u2019ai err\u00e9 \u00e0 l\u2019\u00e9tranger, \u00e0 pr\u00e9sentant je vais errer \u00e0 la maison\u00a0\u00bb.<\/p>\n<p class=\"p5\">Itsik Manger le troubadour, le Juif errant, l\u2019alcoolique, le sensible\u2026 cette cr\u00e9ation retrace son itin\u00e9raire cr\u00e9atif, de sa naissance et son enfance, \u00e0 son \u00e2ge d\u2019or entre les deux guerres \u00e0 Varsovie et, \u00e0 partir de 1938, en Europe, en Am\u00e9rique et en Isra\u00ebl.<\/p>\n<p class=\"p5\">Spectacle con\u00e7u par <b>Gilles Rozier<\/b>.<\/p>\n<p class=\"p5\">Avec : <b>Talila<\/b>, chant, <b>Annick Prime-Margules<\/b>, voix, <b>Alain Speiser<\/b>, guitare, <b>Gilles Rozier<\/b>, r\u00e9citant.<\/p>\n<p><em>Tarif : 20 \u20ac. Adh\u00e9rents : 15 \u20ac*.<br \/>\n<a href=\"https:\/\/www.helloasso.com\/associations\/maison-de-la-culture-yiddish-bibliotheque-medem\/adhesions\/adhesion-en-ligne-a-la-maison-de-la-culture-yiddish-2021-2022\">*<\/a><a href=\"https:\/\/www.helloasso.com\/associations\/maison-de-la-culture-yiddish-bibliotheque-medem\/adhesions\/adhesion-en-ligne-a-la-maison-de-la-culture-yiddish-09-2024-08-2025\">Adh\u00e9rez \u00e0 la Maison de la culture yiddish pour la saison 2024-2025<\/a>\u00a0et d\u00e9couvrez\u00a0<strong>le code promotionnel<\/strong>\u00a0qui vous donnera acc\u00e8s au\u00a0<strong>tarif r\u00e9duit<\/strong>\u00a0sur vos r\u00e9servations.<\/em><\/p>\n<p><a href=\"https:\/\/www.helloasso.com\/associations\/maison-de-la-culture-yiddish-bibliotheque-medem\/evenements\/2025-05\"><strong>Cliquez ici<\/strong><\/a>\u00a0pour r\u00e9server (r\u00e9servation obligatoire).<\/p>\n<p><strong>Attention : au moment du r\u00e8glement, la plateforme Helloasso vous proposera d\u2019ajouter une contribution \u00e0 son fonctionnement. Celle-ci est optionnelle, et vous pouvez changer son montant ou bien l\u2019annuler en appuyant sur le bouton \u00ab Modifier\u00a0<\/strong><strong>\u00bb.<\/strong><\/p>","excerpt":"","slug":"cabaret-itsik-manger","image":{"url":"https:\/\/programme.yiddish.paris\/wp-content\/uploads\/2024\/04\/Manger-Kabaret.png","id":5270,"extension":"png","width":1394,"height":910,"filesize":1053092,"sizes":{"medium":{"width":300,"height":196,"mime-type":"image\/png","filesize":56004,"url":"https:\/\/programme.yiddish.paris\/wp-content\/uploads\/2024\/04\/Manger-Kabaret-300x196.png"},"large":{"width":1024,"height":668,"mime-type":"image\/png","filesize":465207,"url":"https:\/\/programme.yiddish.paris\/wp-content\/uploads\/2024\/04\/Manger-Kabaret-1024x668.png"},"thumbnail":{"width":150,"height":150,"mime-type":"image\/png","filesize":34079,"url":"https:\/\/programme.yiddish.paris\/wp-content\/uploads\/2024\/04\/Manger-Kabaret-150x150.png"},"medium_large":{"width":768,"height":501,"mime-type":"image\/png","filesize":290372,"url":"https:\/\/programme.yiddish.paris\/wp-content\/uploads\/2024\/04\/Manger-Kabaret-768x501.png"},"twentyseventeen-thumbnail-avatar":{"width":100,"height":100,"mime-type":"image\/png","filesize":16501,"url":"https:\/\/programme.yiddish.paris\/wp-content\/uploads\/2024\/04\/Manger-Kabaret-100x100.png"},"menu-24x24":{"width":24,"height":16,"mime-type":"image\/png","filesize":924,"url":"https:\/\/programme.yiddish.paris\/wp-content\/uploads\/2024\/04\/Manger-Kabaret-24x16.png"},"menu-28x28":{"width":28,"height":18,"mime-type":"image\/png","filesize":1162,"url":"https:\/\/programme.yiddish.paris\/wp-content\/uploads\/2024\/04\/Manger-Kabaret-28x18.png"},"menu-32x32":{"width":32,"height":21,"mime-type":"image\/png","filesize":1196,"url":"https:\/\/programme.yiddish.paris\/wp-content\/uploads\/2024\/04\/Manger-Kabaret-32x21.png"}}},"all_day":false,"start_date":"2025-05-24 18:30:00","start_date_details":{"year":"2025","month":"05","day":"24","hour":"18","minutes":"30","seconds":"00"},"end_date":"2025-05-24 20:00:00","end_date_details":{"year":"2025","month":"05","day":"24","hour":"20","minutes":"00","seconds":"00"},"utc_start_date":"2025-05-24 16:30:00","utc_start_date_details":{"year":"2025","month":"05","day":"24","hour":"16","minutes":"30","seconds":"00"},"utc_end_date":"2025-05-24 18:00:00","utc_end_date_details":{"year":"2025","month":"05","day":"24","hour":"18","minutes":"00","seconds":"00"},"timezone":"Europe\/Paris","timezone_abbr":"CEST","cost":"","cost_details":{"currency_symbol":"\u20ac","currency_code":"USD","currency_position":"prefix","values":[]},"website":"","show_map":true,"show_map_link":true,"hide_from_listings":false,"sticky":false,"featured":false,"categories":[{"name":"cabaret","slug":"cabaret","term_group":0,"term_taxonomy_id":84,"taxonomy":"tribe_events_cat","description":"","parent":0,"count":4,"filter":"raw","id":84,"urls":{"self":"https:\/\/programme.yiddish.paris\/index.php?rest_route=\/tribe\/events\/v1\/categories\/84","collection":"https:\/\/programme.yiddish.paris\/index.php?rest_route=\/tribe\/events\/v1\/categories"}}],"tags":[],"venue":[],"organizer":[],"custom_fields":[],"json_ld":{"@context":"http:\/\/schema.org","@type":"Event","name":"Cabaret Itsik Manger (en pr\u00e9sentiel)","description":"&lt;p&gt;Je dispara\u00eetrai avec le nuage \/ \u05d5\u05d5\u05e2\u05dc \u05d0\u05d9\u05da \u05d2\u05d9\u05d9\u05df \u05d0\u05d5\u05df \u05e4\u05bf\u05d0\u05b7\u05e8\u05d2\u05d9\u05d9\u05df \u05de\u05d9\u05d8\u05df \u05d5\u05d5\u05d0\u05b8\u05dc\u05e7\u05df Cabaret nomade en dix chansons, quelques po\u00e8mes et une ritournelle autour de l\u2019\u0153uvre et la vie d\u2019Itsik &hellip; &lt;\/p&gt;\\n&lt;p class=&quot;link-more&quot;&gt;&lt;a href=&quot;https:\/\/programme.yiddish.paris\/?tribe_events=cabaret-itsik-manger&quot; class=&quot;more-link&quot;&gt;Continuer la lecture&lt;span class=&quot;screen-reader-text&quot;&gt; de &laquo;&nbsp;Cabaret Itsik Manger (en pr\u00e9sentiel)&nbsp;&raquo;&lt;\/span&gt;&lt;\/a&gt;&lt;\/p&gt;\\n","image":"https:\/\/programme.yiddish.paris\/wp-content\/uploads\/2024\/04\/Manger-Kabaret.png","url":"https:\/\/programme.yiddish.paris\/?tribe_events=cabaret-itsik-manger","eventAttendanceMode":"https:\/\/schema.org\/OfflineEventAttendanceMode","eventStatus":"https:\/\/schema.org\/EventScheduled","startDate":"2025-05-24T18:30:00+02:00","endDate":"2025-05-24T20:00:00+02:00","performer":"Organization"}}