{"id":6026,"global_id":"programme.yiddish.paris?id=6026","global_id_lineage":["programme.yiddish.paris?id=6026"],"author":"2","status":"publish","date":"2025-02-13 13:01:47","date_utc":"2025-02-13 12:01:47","modified":"2025-03-13 15:14:15","modified_utc":"2025-03-13 14:14:15","url":"https:\/\/programme.yiddish.paris\/?tribe_events=mayn-yidish-kabaretkele-cabaret-yiddish-en-presentiel","rest_url":"https:\/\/programme.yiddish.paris\/index.php?rest_route=\/tribe\/events\/v1\/events\/6026","title":"Mayn yidish kabaretkele : cabaret yiddish (en pr\u00e9sentiel)","description":"<p><span style=\"color: #ff0000;\"><strong>Samedi 5 avril 2025 \u00e0 18h30<\/strong> \u00a0<\/span><\/p>\n<h2 style=\"text-align: right;\">\u05d9\u05d9\u05b4\u05d3\u05d9\u05e9\u05be\u05e7\u05d0\u05b7\u05d1\u05d0\u05b7\u05e8\u05e2\u05d8\u05e7\u05e2\u05dc\u05e2<\/h2>\n<p><span style=\"font-size: 14pt;\"><em>Quand\u00a0Paris chante et danse comme \u00e0 Varsovie, comme \u00e0 Lodz, comme au shtetl !<\/em><\/span><\/p>\n<p>Professionnels et amateurs talentueux sont invit\u00e9s \u00e0 se produire dans des num\u00e9ros vari\u00e9s, chansons yiddish, conte, th\u00e9\u00e2tre, po\u00e9sie, etc.<\/p>\n<p>Sous la direction artistique de <strong>Betty Reicher<\/strong>.<\/p>\n<h3>Avec <a href=\"https:\/\/lloicaczackis.com\/press.html\"><strong>Lloica Czackis<\/strong><\/a>\u00a0: chant et guitare.<\/h3>\n<p><em>Entour\u00e9e de<br \/>\n<\/em><strong>Annie Satler<\/strong> : chant, accompagn\u00e9e \u00e0 l&rsquo;accord\u00e9on par <strong>Tafieda Sabbouh<\/strong> et \u00e0 la guitare par <strong>Roland Maarek<\/strong> ;<strong><br \/>\nLionelle Franck<\/strong> : conteuse ;<br \/>\n<strong>Macha Sevela<\/strong> : com\u00e9dienne ;<br \/>\n<strong>Michel Luksenberg<\/strong> : chant et piano ;<br \/>\n<strong>Charles Perelle<\/strong> : piano.<\/p>\n<p>Le Tshaynik caf\u00e9 accueillera le public \u00e0 partir de 18h.<\/p>\n<p id=\"block-9f12ed79-6edc-4770-bd43-8fe9522387fe\"><em>Tarif : 20 \u20ac. Adh\u00e9rents* : 15 \u20ac.<br \/>\n<a href=\"https:\/\/www.helloasso.com\/associations\/maison-de-la-culture-yiddish-bibliotheque-medem\/adhesions\/adhesion-en-ligne-a-la-maison-de-la-culture-yiddish-09-2024-08-2025\">*Adh\u00e9rez \u00e0 la Maison de la culture yiddish pour la saison 2024-2025<\/a>\u00a0et d\u00e9couvrez\u00a0<strong>le code promotionnel<\/strong>\u00a0qui vous donnera acc\u00e8s au\u00a0<strong>tarif r\u00e9duit<\/strong>\u00a0sur vos r\u00e9servations.<\/em><\/p>\n<p id=\"block-2ba98dcd-5f13-4105-b07b-0b0692c4fa6f\"><a href=\"https:\/\/www.helloasso.com\/associations\/maison-de-la-culture-yiddish-bibliotheque-medem\/evenements\/2025-04\"><strong>Cliquez ici<\/strong><\/a>\u00a0pour r\u00e9server (r\u00e9servation obligatoire).<\/p>\n<p id=\"block-02374118-74c5-4bea-b761-3a9a73091b35\"><strong>Attention : au moment du r\u00e8glement, la plateforme Helloasso vous proposera d\u2019ajouter une contribution \u00e0 son fonctionnement. Celle-ci est optionnelle, et vous pouvez changer son montant ou bien l\u2019annuler en appuyant sur le bouton \u00ab Modifier \u00bb.<\/strong><\/p>","excerpt":"","slug":"mayn-yidish-kabaretkele-cabaret-yiddish-en-presentiel","image":{"url":"https:\/\/programme.yiddish.paris\/wp-content\/uploads\/2025\/02\/rideau-sans-rien-OK.jpg","id":6028,"extension":"jpg","width":1152,"height":1631,"filesize":199025,"sizes":{"medium":{"width":212,"height":300,"mime-type":"image\/jpeg","filesize":8158,"url":"https:\/\/programme.yiddish.paris\/wp-content\/uploads\/2025\/02\/rideau-sans-rien-OK-212x300.jpg"},"large":{"width":723,"height":1024,"mime-type":"image\/jpeg","filesize":60055,"url":"https:\/\/programme.yiddish.paris\/wp-content\/uploads\/2025\/02\/rideau-sans-rien-OK-723x1024.jpg"},"thumbnail":{"width":150,"height":150,"mime-type":"image\/jpeg","filesize":3612,"url":"https:\/\/programme.yiddish.paris\/wp-content\/uploads\/2025\/02\/rideau-sans-rien-OK-150x150.jpg"},"medium_large":{"width":768,"height":1087,"mime-type":"image\/jpeg","filesize":65289,"url":"https:\/\/programme.yiddish.paris\/wp-content\/uploads\/2025\/02\/rideau-sans-rien-OK-768x1087.jpg"},"1536x1536":{"width":1085,"height":1536,"mime-type":"image\/jpeg","filesize":112014,"url":"https:\/\/programme.yiddish.paris\/wp-content\/uploads\/2025\/02\/rideau-sans-rien-OK-1085x1536.jpg"},"twentyseventeen-featured-image":{"width":1152,"height":1200,"mime-type":"image\/jpeg","filesize":106323,"url":"https:\/\/programme.yiddish.paris\/wp-content\/uploads\/2025\/02\/rideau-sans-rien-OK-1152x1200.jpg"},"twentyseventeen-thumbnail-avatar":{"width":100,"height":100,"mime-type":"image\/jpeg","filesize":2095,"url":"https:\/\/programme.yiddish.paris\/wp-content\/uploads\/2025\/02\/rideau-sans-rien-OK-100x100.jpg"},"menu-24x24":{"width":17,"height":24,"mime-type":"image\/jpeg","filesize":442,"url":"https:\/\/programme.yiddish.paris\/wp-content\/uploads\/2025\/02\/rideau-sans-rien-OK-17x24.jpg"},"menu-28x28":{"width":20,"height":28,"mime-type":"image\/jpeg","filesize":482,"url":"https:\/\/programme.yiddish.paris\/wp-content\/uploads\/2025\/02\/rideau-sans-rien-OK-20x28.jpg"},"menu-32x32":{"width":23,"height":32,"mime-type":"image\/jpeg","filesize":486,"url":"https:\/\/programme.yiddish.paris\/wp-content\/uploads\/2025\/02\/rideau-sans-rien-OK-23x32.jpg"}}},"all_day":false,"start_date":"2025-04-05 18:30:00","start_date_details":{"year":"2025","month":"04","day":"05","hour":"18","minutes":"30","seconds":"00"},"end_date":"2025-04-05 20:00:00","end_date_details":{"year":"2025","month":"04","day":"05","hour":"20","minutes":"00","seconds":"00"},"utc_start_date":"2025-04-05 16:30:00","utc_start_date_details":{"year":"2025","month":"04","day":"05","hour":"16","minutes":"30","seconds":"00"},"utc_end_date":"2025-04-05 18:00:00","utc_end_date_details":{"year":"2025","month":"04","day":"05","hour":"18","minutes":"00","seconds":"00"},"timezone":"Europe\/Paris","timezone_abbr":"CEST","cost":"","cost_details":{"currency_symbol":"\u20ac","currency_code":"USD","currency_position":"prefix","values":[]},"website":"","show_map":true,"show_map_link":true,"hide_from_listings":false,"sticky":false,"featured":false,"categories":[{"name":"cabaret","slug":"cabaret","term_group":0,"term_taxonomy_id":84,"taxonomy":"tribe_events_cat","description":"","parent":0,"count":4,"filter":"raw","id":84,"urls":{"self":"https:\/\/programme.yiddish.paris\/index.php?rest_route=\/tribe\/events\/v1\/categories\/84","collection":"https:\/\/programme.yiddish.paris\/index.php?rest_route=\/tribe\/events\/v1\/categories"}}],"tags":[],"venue":[],"organizer":[],"custom_fields":[],"json_ld":{"@context":"http:\/\/schema.org","@type":"Event","name":"Mayn yidish kabaretkele : cabaret yiddish (en pr\u00e9sentiel)","description":"&lt;p&gt;Samedi 5 avril 2025 \u00e0 18h30 \u00a0 \u05d9\u05d9\u05b4\u05d3\u05d9\u05e9\u05be\u05e7\u05d0\u05b7\u05d1\u05d0\u05b7\u05e8\u05e2\u05d8\u05e7\u05e2\u05dc\u05e2 Quand\u00a0Paris chante et danse comme \u00e0 Varsovie, comme \u00e0 Lodz, comme au shtetl ! Professionnels et amateurs talentueux sont invit\u00e9s \u00e0 se &hellip; &lt;\/p&gt;\\n&lt;p class=&quot;link-more&quot;&gt;&lt;a href=&quot;https:\/\/programme.yiddish.paris\/?tribe_events=mayn-yidish-kabaretkele-cabaret-yiddish-en-presentiel&quot; class=&quot;more-link&quot;&gt;Continuer la lecture&lt;span class=&quot;screen-reader-text&quot;&gt; de &laquo;&nbsp;Mayn yidish kabaretkele : cabaret yiddish (en pr\u00e9sentiel)&nbsp;&raquo;&lt;\/span&gt;&lt;\/a&gt;&lt;\/p&gt;\\n","image":"https:\/\/programme.yiddish.paris\/wp-content\/uploads\/2025\/02\/rideau-sans-rien-OK.jpg","url":"https:\/\/programme.yiddish.paris\/?tribe_events=mayn-yidish-kabaretkele-cabaret-yiddish-en-presentiel","eventAttendanceMode":"https:\/\/schema.org\/OfflineEventAttendanceMode","eventStatus":"https:\/\/schema.org\/EventScheduled","startDate":"2025-04-05T18:30:00+02:00","endDate":"2025-04-05T20:00:00+02:00","performer":"Organization"}}