{"id":6106,"global_id":"programme.yiddish.paris?id=6106","global_id_lineage":["programme.yiddish.paris?id=6106"],"author":"5","status":"publish","date":"2025-03-31 18:44:00","date_utc":"2025-03-31 16:44:00","modified":"2025-03-31 18:46:57","modified_utc":"2025-03-31 16:46:57","url":"https:\/\/programme.yiddish.paris\/?tribe_events=la-phonotheque-ouvre-ses-portes-sarah-gorby-conference-musicale-en-francais","rest_url":"https:\/\/programme.yiddish.paris\/index.php?rest_route=\/tribe\/events\/v1\/events\/6106","title":"La phonoth\u00e8que ouvre ses portes : Sarah Gorby (conf\u00e9rence musicale, en fran\u00e7ais)","description":"<h1 class=\"p1\">Phonoth\u00e8que Medem ouvre ses portes<\/h1>\n<p class=\"p1\"><span style=\"color: #ff0000;\"><strong>Jeudi 5 juin 2025, \u00e0 19h30<\/strong><\/span><\/p>\n<h2 class=\"p2\">Sarah Gorby, une conf\u00e9rence musicale<\/h2>\n<p><span style=\"font-size: 12pt; font-family: tahoma, arial, helvetica, sans-serif;\"><span style=\"color: #121212;\">Sarah Gorby (1900, Kishinev &#8211; 1980, Paris) fut l\u2019une des grandes voix de la chanson yiddish.<\/span><\/span><\/p>\n<p><span style=\"font-size: 12pt; font-family: tahoma, arial, helvetica, sans-serif;\"><span style=\"color: #121212;\">Partie \u00e9tudier la musique \u00e0 l\u2019\u00e2ge de 17 ans \u00e0 Jassy, <\/span><span style=\"color: #121212;\">elle s\u2019installe avec son mari \u00e0 Paris dans les ann\u00e9es 1920 et m\u00e8nera une carri\u00e8re internationale. <strong>Nadia D\u00e9han<\/strong><\/span><strong><span style=\"color: #121212;\">&#8211;<\/span><\/strong><span style=\"color: #121212;\"><strong> Rotschild<\/strong> et <strong>Talila<\/strong> illustreront par les tr\u00e9sors de la m\u00e9diath\u00e8que une vie marqu\u00e9e par les bouleversements du si\u00e8cle, le d\u00e9sir de d\u00e9couverte, l\u2019amour des langues et des cultures. <\/span><\/span><\/p>\n<p id=\"block-9f12ed79-6edc-4770-bd43-8fe9522387fe\"><em>Tarif : 12 \u20ac. Adh\u00e9rents* : 7\u20ac.<br \/>\n<a href=\"https:\/\/www.helloasso.com\/associations\/maison-de-la-culture-yiddish-bibliotheque-medem\/adhesions\/adhesion-en-ligne-a-la-maison-de-la-culture-yiddish-09-2024-08-2025\">*Adh\u00e9rez \u00e0 la Maison de la culture yiddish pour la saison 2024-2025<\/a>\u00a0et d\u00e9couvrez\u00a0<strong>le code promotionnel<\/strong>\u00a0qui vous donnera acc\u00e8s au\u00a0<strong>tarif r\u00e9duit<\/strong>\u00a0sur vos r\u00e9servations.<\/em><\/p>\n<p id=\"block-2ba98dcd-5f13-4105-b07b-0b0692c4fa6f\"><a href=\"https:\/\/www.helloasso.com\/associations\/maison-de-la-culture-yiddish-bibliotheque-medem\/evenements\/2025-06\"><strong>Cliquez ici<\/strong><\/a>\u00a0pour r\u00e9server (r\u00e9servation obligatoire).<\/p>\n<p id=\"block-02374118-74c5-4bea-b761-3a9a73091b35\"><strong>Attention : au moment du r\u00e8glement, la plateforme Helloasso vous proposera d\u2019ajouter une contribution \u00e0 son fonctionnement. Celle-ci est optionnelle, et vous pouvez changer son montant ou bien l\u2019annuler en appuyant sur le bouton \u00ab Modifier \u00bb.<\/strong><\/p>","excerpt":"","slug":"la-phonotheque-ouvre-ses-portes-sarah-gorby-conference-musicale-en-francais","image":{"url":"https:\/\/programme.yiddish.paris\/wp-content\/uploads\/2025\/03\/sarah_gorby.jpg","id":6108,"extension":"jpg","width":566,"height":318,"filesize":51820,"sizes":{"medium":{"width":300,"height":169,"mime-type":"image\/jpeg","filesize":14053,"url":"https:\/\/programme.yiddish.paris\/wp-content\/uploads\/2025\/03\/sarah_gorby-300x169.jpg"},"thumbnail":{"width":150,"height":150,"mime-type":"image\/jpeg","filesize":8867,"url":"https:\/\/programme.yiddish.paris\/wp-content\/uploads\/2025\/03\/sarah_gorby-150x150.jpg"},"twentyseventeen-thumbnail-avatar":{"width":100,"height":100,"mime-type":"image\/jpeg","filesize":6619,"url":"https:\/\/programme.yiddish.paris\/wp-content\/uploads\/2025\/03\/sarah_gorby-100x100.jpg"},"menu-24x24":{"width":24,"height":13,"mime-type":"image\/jpeg","filesize":4299,"url":"https:\/\/programme.yiddish.paris\/wp-content\/uploads\/2025\/03\/sarah_gorby-24x13.jpg"},"menu-28x28":{"width":28,"height":16,"mime-type":"image\/jpeg","filesize":4341,"url":"https:\/\/programme.yiddish.paris\/wp-content\/uploads\/2025\/03\/sarah_gorby-28x16.jpg"},"menu-32x32":{"width":32,"height":18,"mime-type":"image\/jpeg","filesize":4414,"url":"https:\/\/programme.yiddish.paris\/wp-content\/uploads\/2025\/03\/sarah_gorby-32x18.jpg"}}},"all_day":false,"start_date":"2025-06-05 19:30:00","start_date_details":{"year":"2025","month":"06","day":"05","hour":"19","minutes":"30","seconds":"00"},"end_date":"2025-06-05 21:00:00","end_date_details":{"year":"2025","month":"06","day":"05","hour":"21","minutes":"00","seconds":"00"},"utc_start_date":"2025-06-05 17:30:00","utc_start_date_details":{"year":"2025","month":"06","day":"05","hour":"17","minutes":"30","seconds":"00"},"utc_end_date":"2025-06-05 19:00:00","utc_end_date_details":{"year":"2025","month":"06","day":"05","hour":"19","minutes":"00","seconds":"00"},"timezone":"Europe\/Paris","timezone_abbr":"CEST","cost":"","cost_details":{"currency_symbol":"\u20ac","currency_code":"USD","currency_position":"prefix","values":[]},"website":"","show_map":true,"show_map_link":true,"hide_from_listings":false,"sticky":false,"featured":false,"categories":[{"name":"conf\u00e9rence","slug":"conference","term_group":0,"term_taxonomy_id":53,"taxonomy":"tribe_events_cat","description":"","parent":0,"count":106,"filter":"raw","id":53,"urls":{"self":"https:\/\/programme.yiddish.paris\/index.php?rest_route=\/tribe\/events\/v1\/categories\/53","collection":"https:\/\/programme.yiddish.paris\/index.php?rest_route=\/tribe\/events\/v1\/categories"}}],"tags":[],"venue":{"id":1246,"author":"2","status":"publish","date":"2020-12-19 15:40:14","date_utc":"0000-00-00 00:00:00","modified":"2020-12-19 15:40:14","modified_utc":"0000-00-00 00:00:00","url":"https:\/\/programme.yiddish.paris\/?tribe_venue","venue":"\u00c0 la Maison de la culture yiddish","address":"29,\u00a0rue du Ch\u00e2teau-d'Eau","city":"Paris","zip":"75010","phone":"+33(0)1 47 00 14 00","json_ld":{"@type":"Place","name":"\u00c0 la Maison de la culture yiddish","description":"","url":"","address":{"@type":"PostalAddress","streetAddress":"29,\u00a0rue du Ch\u00e2teau-d&#039;Eau","addressLocality":"Paris","postalCode":"75010"},"telephone":"+33(0)1 47 00 14 00","sameAs":""},"show_map":true,"show_map_link":true,"global_id":"programme.yiddish.paris?id=1246","global_id_lineage":["programme.yiddish.paris?id=1246"]},"organizer":[],"custom_fields":[],"json_ld":{"@context":"http:\/\/schema.org","@type":"Event","name":"La phonoth\u00e8que ouvre ses portes : Sarah Gorby (conf\u00e9rence musicale, en fran\u00e7ais)","description":"&lt;p&gt;Phonoth\u00e8que Medem ouvre ses portes Jeudi 5 juin 2025, \u00e0 19h30 Sarah Gorby, une conf\u00e9rence musicale Sarah Gorby (1900, Kishinev - 1980, Paris) fut l\u2019une des grandes voix de la &hellip; &lt;\/p&gt;\\n&lt;p class=&quot;link-more&quot;&gt;&lt;a href=&quot;https:\/\/programme.yiddish.paris\/?tribe_events=la-phonotheque-ouvre-ses-portes-sarah-gorby-conference-musicale-en-francais&quot; class=&quot;more-link&quot;&gt;Continuer la lecture&lt;span class=&quot;screen-reader-text&quot;&gt; de &laquo;&nbsp;La phonoth\u00e8que ouvre ses portes : Sarah Gorby (conf\u00e9rence musicale, en fran\u00e7ais)&nbsp;&raquo;&lt;\/span&gt;&lt;\/a&gt;&lt;\/p&gt;\\n","image":"https:\/\/programme.yiddish.paris\/wp-content\/uploads\/2025\/03\/sarah_gorby.jpg","url":"https:\/\/programme.yiddish.paris\/?tribe_events=la-phonotheque-ouvre-ses-portes-sarah-gorby-conference-musicale-en-francais","eventAttendanceMode":"https:\/\/schema.org\/OfflineEventAttendanceMode","eventStatus":"https:\/\/schema.org\/EventScheduled","startDate":"2025-06-05T19:30:00+02:00","endDate":"2025-06-05T21:00:00+02:00","location":{"@type":"Place","name":"\u00c0 la Maison de la culture yiddish","description":"","url":"","address":{"@type":"PostalAddress","streetAddress":"29,\u00a0rue du Ch\u00e2teau-d&#039;Eau","addressLocality":"Paris","postalCode":"75010"},"telephone":"+33(0)1 47 00 14 00","sameAs":""},"performer":"Organization"}}