{"id":6190,"global_id":"programme.yiddish.paris?id=6190","global_id_lineage":["programme.yiddish.paris?id=6190"],"author":"5","status":"publish","date":"2025-05-31 22:26:29","date_utc":"2025-05-31 20:26:29","modified":"2025-09-09 15:18:49","modified_utc":"2025-09-09 13:18:49","url":"https:\/\/programme.yiddish.paris\/?tribe_events=bibliotheque-medem-ouvre-ses-portes-peuples-des-livres","rest_url":"https:\/\/programme.yiddish.paris\/index.php?rest_route=\/tribe\/events\/v1\/events\/6190","title":"Biblioth\u00e8que Medem ouvre ses portes : \u00ab\u00a0Peuple(s) des livres\u00a0\u00bb","description":"<p class=\"s12\"><span class=\"s11\">Pour les Journ\u00e9es Europ\u00e9ennes de la Culture Juive 2025, la Maison de la culture yiddish \u2013 Biblioth\u00e8que Medem propose un voyage de d\u00e9couverte autour de la th\u00e9matique de cette ann\u00e9e, \u00ab Peuple(s) des livres \u00bb, avec <\/span><span class=\"s11\">Yitskhok<\/span><span class=\"s11\"> Niborski et Clarisse Brossard.<\/span><\/p>\n<p class=\"s12\"><span class=\"s11\">Le \u00ab\u00a0peuple du Livre\u00a0\u00bb, comme on surnomme traditionnellement le peuple juif, a, pendant des mill\u00e9naires, \u00e9tudi\u00e9 avec passion la Bible h\u00e9bra\u00efque (<\/span><span class=\"s11\">Tanakh<\/span><span class=\"s11\">), ainsi que la cha\u00eene infinie de ses commentaires, que l\u2019on trouve dans la litt\u00e9rature talmudique et rabbinique. \u00c0 la charni\u00e8re entre le XIXe et le XXe si\u00e8cle, au sein du <\/span><span class=\"s11\">Yiddishland<\/span><span class=\"s11\">, c\u2019est avec la m\u00eame passion que le peuple du Livre s\u2019est plong\u00e9 dans le monde des livres en basculant rapidement dans la modernit\u00e9. Le culte du Livre avec un grand L, de l\u2019\u00e9tude des textes religieux, va \u00eatre progressivement concurrenc\u00e9 par un culte des livres au pluriel. Une fi\u00e8vre \u00e9ditoriale s\u2019empare de l\u2019ancien Empire russe apr\u00e8s la r\u00e9volution de 1917 et de nouvelles formes apparaissent, en particulier des livres richement illustr\u00e9s destin\u00e9s \u00e0 la jeunesse.<\/span><\/p>\n<p class=\"s12\"><span class=\"s11\">De beaux exemples de livres religieux et modernistes issus des collections de la Biblioth\u00e8que Medem seront montr\u00e9s au public \u00e0 l\u2019occasion de cette conf\u00e9rence de d\u00e9couverte.<\/span><\/p>\n<p><em><img loading=\"lazy\" decoding=\"async\" class=\"alignnone size-medium wp-image-6259\" src=\"https:\/\/programme.yiddish.paris\/wp-content\/uploads\/2025\/06\/IMG_0216-300x169.jpeg\" alt=\"\" width=\"300\" height=\"169\" srcset=\"https:\/\/programme.yiddish.paris\/wp-content\/uploads\/2025\/06\/IMG_0216-300x169.jpeg 300w, https:\/\/programme.yiddish.paris\/wp-content\/uploads\/2025\/06\/IMG_0216-1024x575.jpeg 1024w, https:\/\/programme.yiddish.paris\/wp-content\/uploads\/2025\/06\/IMG_0216-768x431.jpeg 768w, https:\/\/programme.yiddish.paris\/wp-content\/uploads\/2025\/06\/IMG_0216-1536x863.jpeg 1536w, https:\/\/programme.yiddish.paris\/wp-content\/uploads\/2025\/06\/IMG_0216-2048x1151.jpeg 2048w, https:\/\/programme.yiddish.paris\/wp-content\/uploads\/2025\/06\/IMG_0216-24x13.jpeg 24w, https:\/\/programme.yiddish.paris\/wp-content\/uploads\/2025\/06\/IMG_0216-28x16.jpeg 28w, https:\/\/programme.yiddish.paris\/wp-content\/uploads\/2025\/06\/IMG_0216-32x18.jpeg 32w\" sizes=\"auto, (max-width: 300px) 100vw, 300px\" \/><\/em><\/p>\n<p id=\"block-9f12ed79-6edc-4770-bd43-8fe9522387fe\"><em>Tarif : 12 \u20ac. Adh\u00e9rents* : 7\u20ac.<br \/>\n*Adh\u00e9rez \u00e0 la Maison de la culture yiddish pour la saison 2025-2026\u00a0et d\u00e9couvrez\u00a0<strong>le code promotionnel<\/strong>\u00a0qui vous donnera acc\u00e8s au\u00a0<strong>tarif r\u00e9duit<\/strong> sur vos r\u00e9servations.<\/em><\/p>\n<p id=\"block-2ba98dcd-5f13-4105-b07b-0b0692c4fa6f\"><a href=\"https:\/\/www.helloasso.com\/associations\/maison-de-la-culture-yiddish-bibliotheque-medem\/evenements\/mcy-activites-octobre-2025\"><strong>Cliquez ici<\/strong><\/a>\u00a0pour r\u00e9server (r\u00e9servation obligatoire).<\/p>\n<p id=\"block-02374118-74c5-4bea-b761-3a9a73091b35\"><strong>Attention : au moment du r\u00e8glement, la plateforme Helloasso vous proposera d\u2019ajouter une contribution \u00e0 son fonctionnement. Celle-ci est optionnelle, et vous pouvez changer son montant ou bien l\u2019annuler en appuyant sur le bouton \u00ab Modifier \u00bb.<\/strong><\/p>","excerpt":"","slug":"bibliotheque-medem-ouvre-ses-portes-peuples-des-livres","image":{"url":"https:\/\/programme.yiddish.paris\/wp-content\/uploads\/2023\/01\/Isaac-Israels-scaled.jpeg","id":4079,"extension":"jpeg","width":2560,"height":1862,"filesize":589119,"sizes":{"medium":{"width":300,"height":218,"mime-type":"image\/jpeg","filesize":39343,"url":"https:\/\/programme.yiddish.paris\/wp-content\/uploads\/2023\/01\/Isaac-Israels-300x218.jpeg"},"thumbnail":{"width":150,"height":150,"mime-type":"image\/jpeg","filesize":30583,"url":"https:\/\/programme.yiddish.paris\/wp-content\/uploads\/2023\/01\/Isaac-Israels-150x150.jpeg"},"medium_large":{"width":768,"height":559,"mime-type":"image\/jpeg","filesize":95707,"url":"https:\/\/programme.yiddish.paris\/wp-content\/uploads\/2023\/01\/Isaac-Israels-768x559.jpeg"},"1536x1536":{"width":1536,"height":1117,"mime-type":"image\/jpeg","filesize":264505,"url":"https:\/\/programme.yiddish.paris\/wp-content\/uploads\/2023\/01\/Isaac-Israels-1536x1117.jpeg"},"2048x2048":{"width":2048,"height":1490,"mime-type":"image\/jpeg","filesize":418001,"url":"https:\/\/programme.yiddish.paris\/wp-content\/uploads\/2023\/01\/Isaac-Israels-2048x1490.jpeg"},"twentyseventeen-featured-image":{"width":2000,"height":1200,"mime-type":"image\/jpeg","filesize":334596,"url":"https:\/\/programme.yiddish.paris\/wp-content\/uploads\/2023\/01\/Isaac-Israels-2000x1200.jpeg"},"twentyseventeen-thumbnail-avatar":{"width":100,"height":100,"mime-type":"image\/jpeg","filesize":27891,"url":"https:\/\/programme.yiddish.paris\/wp-content\/uploads\/2023\/01\/Isaac-Israels-100x100.jpeg"},"menu-24x24":{"width":24,"height":17,"mime-type":"image\/jpeg","filesize":25183,"url":"https:\/\/programme.yiddish.paris\/wp-content\/uploads\/2023\/01\/Isaac-Israels-24x17.jpeg"},"menu-28x28":{"width":28,"height":20,"mime-type":"image\/jpeg","filesize":25263,"url":"https:\/\/programme.yiddish.paris\/wp-content\/uploads\/2023\/01\/Isaac-Israels-28x20.jpeg"},"menu-32x32":{"width":32,"height":23,"mime-type":"image\/jpeg","filesize":25288,"url":"https:\/\/programme.yiddish.paris\/wp-content\/uploads\/2023\/01\/Isaac-Israels-32x23.jpeg"}},"original_image":"Isaac-Israels.jpeg"},"all_day":false,"start_date":"2025-10-11 17:00:00","start_date_details":{"year":"2025","month":"10","day":"11","hour":"17","minutes":"00","seconds":"00"},"end_date":"2025-10-11 18:30:00","end_date_details":{"year":"2025","month":"10","day":"11","hour":"18","minutes":"30","seconds":"00"},"utc_start_date":"2025-10-11 15:00:00","utc_start_date_details":{"year":"2025","month":"10","day":"11","hour":"15","minutes":"00","seconds":"00"},"utc_end_date":"2025-10-11 16:30:00","utc_end_date_details":{"year":"2025","month":"10","day":"11","hour":"16","minutes":"30","seconds":"00"},"timezone":"Europe\/Paris","timezone_abbr":"CEST","cost":"","cost_details":{"currency_symbol":"\u20ac","currency_code":"USD","currency_position":"prefix","values":[]},"website":"","show_map":true,"show_map_link":true,"hide_from_listings":false,"sticky":false,"featured":false,"categories":[{"name":"conf\u00e9rence","slug":"conference","term_group":0,"term_taxonomy_id":53,"taxonomy":"tribe_events_cat","description":"","parent":0,"count":105,"filter":"raw","id":53,"urls":{"self":"https:\/\/programme.yiddish.paris\/index.php?rest_route=\/tribe\/events\/v1\/categories\/53","collection":"https:\/\/programme.yiddish.paris\/index.php?rest_route=\/tribe\/events\/v1\/categories"}},{"name":"partenariat","slug":"partenariat","term_group":0,"term_taxonomy_id":78,"taxonomy":"tribe_events_cat","description":"","parent":0,"count":3,"filter":"raw","id":78,"urls":{"self":"https:\/\/programme.yiddish.paris\/index.php?rest_route=\/tribe\/events\/v1\/categories\/78","collection":"https:\/\/programme.yiddish.paris\/index.php?rest_route=\/tribe\/events\/v1\/categories"}}],"tags":[],"venue":[],"organizer":[],"custom_fields":[],"json_ld":{"@context":"http:\/\/schema.org","@type":"Event","name":"Biblioth\u00e8que Medem ouvre ses portes : \u00ab\u00a0Peuple(s) des livres\u00a0\u00bb","description":"&lt;p&gt;Pour les Journ\u00e9es Europ\u00e9ennes de la Culture Juive 2025, la Maison de la culture yiddish \u2013 Biblioth\u00e8que Medem propose un voyage de d\u00e9couverte autour de la th\u00e9matique de cette ann\u00e9e, &hellip; &lt;\/p&gt;\\n&lt;p class=&quot;link-more&quot;&gt;&lt;a href=&quot;https:\/\/programme.yiddish.paris\/?tribe_events=bibliotheque-medem-ouvre-ses-portes-peuples-des-livres&quot; class=&quot;more-link&quot;&gt;Continuer la lecture&lt;span class=&quot;screen-reader-text&quot;&gt; de &laquo;&nbsp;Biblioth\u00e8que Medem ouvre ses portes : \u00ab\u00a0Peuple(s) des livres\u00a0\u00bb&nbsp;&raquo;&lt;\/span&gt;&lt;\/a&gt;&lt;\/p&gt;\\n","image":"https:\/\/programme.yiddish.paris\/wp-content\/uploads\/2023\/01\/Isaac-Israels-scaled.jpeg","url":"https:\/\/programme.yiddish.paris\/?tribe_events=bibliotheque-medem-ouvre-ses-portes-peuples-des-livres","eventAttendanceMode":"https:\/\/schema.org\/OfflineEventAttendanceMode","eventStatus":"https:\/\/schema.org\/EventScheduled","startDate":"2025-10-11T17:00:00+02:00","endDate":"2025-10-11T18:30:00+02:00","performer":"Organization"}}