{"id":6196,"global_id":"programme.yiddish.paris?id=6196","global_id_lineage":["programme.yiddish.paris?id=6196"],"author":"5","status":"publish","date":"2025-05-31 22:36:42","date_utc":"2025-05-31 20:36:42","modified":"2025-10-12 16:53:28","modified_utc":"2025-10-12 14:53:28","url":"https:\/\/programme.yiddish.paris\/?tribe_events=rencontre-litteraire-mythes-juifs-le-retour-du-sacre-de-david-haziza","rest_url":"https:\/\/programme.yiddish.paris\/index.php?rest_route=\/tribe\/events\/v1\/events\/6196","title":"Rencontre litt\u00e9raire : Mythes juifs, le retour du sacr\u00e9 de David Haziza (sur Zoom)","description":"<p>Rencontre litt\u00e9raire sur Zoom<\/p>\n<p class=\"v1elementToProof\">Et si la litt\u00e9rature permettait de voyager entre les mondes ? En s&rsquo;appuyant sur des motifs de la culture yiddish (dibbouk, golem, loup-garou&#8230;), David\u00a0Haziza\u00a0montrera comment, dans la tradition juive,\u00a0l&rsquo;\u00e9criture convoque en m\u00eame temps qu&rsquo;elle conjure les forces du mal et du pass\u00e9.<\/p>\n<p><b>Macha Fogel<\/b>, directrice de la MCY, recevra\u00a0<b>David\u00a0Haziza<\/b>, \u00e9crivain, \u00e9ditorialiste et chercheur.<\/p>\n<p><strong>Dans le cadre des Journ\u00e9es Europ\u00e9ennes de la Culture Juive 2025, th\u00e8me : \u00ab Peuple(s) des livres \u00bb<\/strong><\/p>\n<p><em><img loading=\"lazy\" decoding=\"async\" class=\"alignnone size-medium wp-image-6259\" src=\"https:\/\/programme.yiddish.paris\/wp-content\/uploads\/2025\/06\/IMG_0216-300x169.jpeg\" alt=\"\" width=\"300\" height=\"169\" srcset=\"https:\/\/programme.yiddish.paris\/wp-content\/uploads\/2025\/06\/IMG_0216-300x169.jpeg 300w, https:\/\/programme.yiddish.paris\/wp-content\/uploads\/2025\/06\/IMG_0216-1024x575.jpeg 1024w, https:\/\/programme.yiddish.paris\/wp-content\/uploads\/2025\/06\/IMG_0216-768x431.jpeg 768w, https:\/\/programme.yiddish.paris\/wp-content\/uploads\/2025\/06\/IMG_0216-1536x863.jpeg 1536w, https:\/\/programme.yiddish.paris\/wp-content\/uploads\/2025\/06\/IMG_0216-2048x1151.jpeg 2048w, https:\/\/programme.yiddish.paris\/wp-content\/uploads\/2025\/06\/IMG_0216-24x13.jpeg 24w, https:\/\/programme.yiddish.paris\/wp-content\/uploads\/2025\/06\/IMG_0216-28x16.jpeg 28w, https:\/\/programme.yiddish.paris\/wp-content\/uploads\/2025\/06\/IMG_0216-32x18.jpeg 32w\" sizes=\"auto, (max-width: 300px) 100vw, 300px\" \/><\/em><\/p>\n<p id=\"block-9f12ed79-6edc-4770-bd43-8fe9522387fe\"><em>Tarif : 12 \u20ac. Adh\u00e9rents* : 7\u20ac.<br \/>\n*Adh\u00e9rez \u00e0 la Maison de la culture yiddish pour la saison 2025-2026\u00a0et d\u00e9couvrez\u00a0<strong>le code promotionnel<\/strong>\u00a0qui vous donnera acc\u00e8s au\u00a0<strong>tarif r\u00e9duit<\/strong> sur vos r\u00e9servations.<\/em><\/p>\n<p id=\"block-2ba98dcd-5f13-4105-b07b-0b0692c4fa6f\"><a href=\"https:\/\/www.helloasso.com\/associations\/maison-de-la-culture-yiddish-bibliotheque-medem\/evenements\/mcy-activites-octobre-2025\"><strong>Cliquez ici<\/strong><\/a>\u00a0pour r\u00e9server (r\u00e9servation obligatoire).<\/p>\n<p id=\"block-02374118-74c5-4bea-b761-3a9a73091b35\"><strong>Attention : au moment du r\u00e8glement, la plateforme Helloasso vous proposera d\u2019ajouter une contribution \u00e0 son fonctionnement. Celle-ci est optionnelle, et vous pouvez changer son montant ou bien l\u2019annuler en appuyant sur le bouton \u00ab Modifier \u00bb.<\/strong><\/p>","excerpt":"","slug":"rencontre-litteraire-mythes-juifs-le-retour-du-sacre-de-david-haziza","image":{"url":"https:\/\/programme.yiddish.paris\/wp-content\/uploads\/2025\/05\/IMG_0171.jpeg","id":6202,"extension":"jpeg","width":733,"height":1196,"filesize":112695,"sizes":{"medium":{"width":184,"height":300,"mime-type":"image\/jpeg","filesize":4604,"url":"https:\/\/programme.yiddish.paris\/wp-content\/uploads\/2025\/05\/IMG_0171-184x300.jpeg"},"large":{"width":628,"height":1024,"mime-type":"image\/jpeg","filesize":24405,"url":"https:\/\/programme.yiddish.paris\/wp-content\/uploads\/2025\/05\/IMG_0171-628x1024.jpeg"},"thumbnail":{"width":150,"height":150,"mime-type":"image\/jpeg","filesize":1441,"url":"https:\/\/programme.yiddish.paris\/wp-content\/uploads\/2025\/05\/IMG_0171-150x150.jpeg"},"twentyseventeen-thumbnail-avatar":{"width":100,"height":100,"mime-type":"image\/jpeg","filesize":1020,"url":"https:\/\/programme.yiddish.paris\/wp-content\/uploads\/2025\/05\/IMG_0171-100x100.jpeg"},"menu-24x24":{"width":15,"height":24,"mime-type":"image\/jpeg","filesize":542,"url":"https:\/\/programme.yiddish.paris\/wp-content\/uploads\/2025\/05\/IMG_0171-15x24.jpeg"},"menu-28x28":{"width":17,"height":28,"mime-type":"image\/jpeg","filesize":565,"url":"https:\/\/programme.yiddish.paris\/wp-content\/uploads\/2025\/05\/IMG_0171-17x28.jpeg"},"menu-32x32":{"width":20,"height":32,"mime-type":"image\/jpeg","filesize":599,"url":"https:\/\/programme.yiddish.paris\/wp-content\/uploads\/2025\/05\/IMG_0171-20x32.jpeg"}}},"all_day":false,"start_date":"2025-10-16 19:30:00","start_date_details":{"year":"2025","month":"10","day":"16","hour":"19","minutes":"30","seconds":"00"},"end_date":"2025-10-16 19:30:00","end_date_details":{"year":"2025","month":"10","day":"16","hour":"19","minutes":"30","seconds":"00"},"utc_start_date":"2025-10-16 17:30:00","utc_start_date_details":{"year":"2025","month":"10","day":"16","hour":"17","minutes":"30","seconds":"00"},"utc_end_date":"2025-10-16 17:30:00","utc_end_date_details":{"year":"2025","month":"10","day":"16","hour":"17","minutes":"30","seconds":"00"},"timezone":"Europe\/Paris","timezone_abbr":"CEST","cost":"","cost_details":{"currency_symbol":"\u20ac","currency_code":"USD","currency_position":"prefix","values":[]},"website":"","show_map":true,"show_map_link":true,"hide_from_listings":false,"sticky":false,"featured":false,"categories":[{"name":"rencontre litt\u00e9raire","slug":"rencontre-litteraire","term_group":0,"term_taxonomy_id":46,"taxonomy":"tribe_events_cat","description":"","parent":0,"count":43,"filter":"raw","id":46,"urls":{"self":"https:\/\/programme.yiddish.paris\/index.php?rest_route=\/tribe\/events\/v1\/categories\/46","collection":"https:\/\/programme.yiddish.paris\/index.php?rest_route=\/tribe\/events\/v1\/categories"}}],"tags":[],"venue":[],"organizer":[],"custom_fields":[],"json_ld":{"@context":"http:\/\/schema.org","@type":"Event","name":"Rencontre litt\u00e9raire : Mythes juifs, le retour du sacr\u00e9 de David Haziza (sur Zoom)","description":"&lt;p&gt;Rencontre litt\u00e9raire sur Zoom Et si la litt\u00e9rature permettait de voyager entre les mondes ? En s\\'appuyant sur des motifs de la culture yiddish (dibbouk, golem, loup-garou...), David\u00a0Haziza\u00a0montrera comment, dans &hellip; &lt;\/p&gt;\\n&lt;p class=&quot;link-more&quot;&gt;&lt;a href=&quot;https:\/\/programme.yiddish.paris\/?tribe_events=rencontre-litteraire-mythes-juifs-le-retour-du-sacre-de-david-haziza&quot; class=&quot;more-link&quot;&gt;Continuer la lecture&lt;span class=&quot;screen-reader-text&quot;&gt; de &laquo;&nbsp;Rencontre litt\u00e9raire : Mythes juifs, le retour du sacr\u00e9 de David Haziza (sur Zoom)&nbsp;&raquo;&lt;\/span&gt;&lt;\/a&gt;&lt;\/p&gt;\\n","image":"https:\/\/programme.yiddish.paris\/wp-content\/uploads\/2025\/05\/IMG_0171.jpeg","url":"https:\/\/programme.yiddish.paris\/?tribe_events=rencontre-litteraire-mythes-juifs-le-retour-du-sacre-de-david-haziza","eventAttendanceMode":"https:\/\/schema.org\/OfflineEventAttendanceMode","eventStatus":"https:\/\/schema.org\/EventScheduled","startDate":"2025-10-16T19:30:00+02:00","endDate":"2025-10-16T19:30:00+02:00","performer":"Organization"}}