{"id":6993,"global_id":"programme.yiddish.paris?id=6993","global_id_lineage":["programme.yiddish.paris?id=6993"],"author":"5","status":"publish","date":"2026-01-28 16:49:56","date_utc":"2026-01-28 15:49:56","modified":"2026-02-25 14:40:21","modified_utc":"2026-02-25 13:40:21","url":"https:\/\/programme.yiddish.paris\/?tribe_events=pourim-une-lecture-ditsik-manger-par-rafael-goldwaser","rest_url":"https:\/\/programme.yiddish.paris\/index.php?rest_route=\/tribe\/events\/v1\/events\/6993","title":"Pourim : une lecture d&rsquo;Itsik Manger par Rafael Goldwaser &#8211; Annul\u00e9","description":"<div><span style=\"color: #ff0000;\"><strong>Cette activit\u00e9 a \u00e9t\u00e9 annul\u00e9e.<\/strong><\/span><\/div>\n<div><\/div>\n<div class=\"v1elementToProof\"><strong>Rafael Goldwaser<\/strong>, acteur et metteur en sc\u00e8ne du th\u00e9atre yiddish, pr\u00e9sente en musique et en rimes, \u00e0 la mani\u00e8re des troubadours la\u00a0<i>Meghile\u00a0<\/i>d&rsquo;Itsik Manger, le \u00ab\u00a0Prince des po\u00e8tes\u00a0\u00bb. Entrez dans le myst\u00e8re, l&rsquo;humour et la beaut\u00e9 de la farandole d&rsquo;Esther, Mordkhe et Homen haroshe.<\/div>\n<div class=\"v1elementToProof\">Spectacle en yiddish<\/div>\n<div class=\"v1elementToProof\"><\/div>\n<div class=\"v1elementToProof\">A l&rsquo;issue de la repr\u00e9sentation, <strong>Rafael Goldwaser<\/strong>, \u00e9changera avec\u00a0 les spectateurs.<\/div>\n<div><\/div>\n<div class=\"v1elementToProof\"><em style=\"font-size: 1rem;\">Tarif : 20 \u20ac. Adh\u00e9rents* : 15 \u20ac.<\/em><\/div>\n<div class=\"v1elementToProof\">\n<div class=\"v1elementToProof\"><em>Tarif Jeunes moins de 26 ans : 6\u20ac, sur place uniquement, en fonction des places disponibles.\u00a0<\/em><\/div>\n<div><\/div>\n<div class=\"v1elementToProof\"><em><br \/>\n*Adh\u00e9rez \u00e0 la Maison de la culture yiddish pour la saison 2025-2026\u00a0et d\u00e9couvrez\u00a0<strong>le code promotionnel<\/strong>\u00a0qui vous donnera acc\u00e8s au\u00a0<strong>tarif r\u00e9duit<\/strong>\u00a0sur vos r\u00e9servations.<\/em><\/div>\n<div><\/div>\n<div><\/div>\n<div>\n<p id=\"block-2ba98dcd-5f13-4105-b07b-0b0692c4fa6f\"><strong>Cliquez ici<\/strong>\u00a0pour r\u00e9server (r\u00e9servation obligatoire).<\/p>\n<\/div>\n<\/div>\n<div class=\"v1elementToProof\"><\/div>","excerpt":"","slug":"pourim-une-lecture-ditsik-manger-par-rafael-goldwaser","image":{"url":"https:\/\/programme.yiddish.paris\/wp-content\/uploads\/2026\/01\/Capture-decran-2026-01-28-164922.png","id":6994,"extension":"png","width":771,"height":543,"filesize":708219,"sizes":{"medium":{"width":300,"height":211,"mime-type":"image\/png","filesize":121650,"url":"https:\/\/programme.yiddish.paris\/wp-content\/uploads\/2026\/01\/Capture-decran-2026-01-28-164922-300x211.png"},"thumbnail":{"width":150,"height":150,"mime-type":"image\/png","filesize":51005,"url":"https:\/\/programme.yiddish.paris\/wp-content\/uploads\/2026\/01\/Capture-decran-2026-01-28-164922-150x150.png"},"medium_large":{"width":768,"height":541,"mime-type":"image\/png","filesize":606239,"url":"https:\/\/programme.yiddish.paris\/wp-content\/uploads\/2026\/01\/Capture-decran-2026-01-28-164922-768x541.png"},"twentyseventeen-thumbnail-avatar":{"width":100,"height":100,"mime-type":"image\/png","filesize":24244,"url":"https:\/\/programme.yiddish.paris\/wp-content\/uploads\/2026\/01\/Capture-decran-2026-01-28-164922-100x100.png"},"menu-24x24":{"width":24,"height":17,"mime-type":"image\/png","filesize":1208,"url":"https:\/\/programme.yiddish.paris\/wp-content\/uploads\/2026\/01\/Capture-decran-2026-01-28-164922-24x17.png"},"menu-28x28":{"width":28,"height":20,"mime-type":"image\/png","filesize":1604,"url":"https:\/\/programme.yiddish.paris\/wp-content\/uploads\/2026\/01\/Capture-decran-2026-01-28-164922-28x20.png"},"menu-32x32":{"width":32,"height":23,"mime-type":"image\/png","filesize":2052,"url":"https:\/\/programme.yiddish.paris\/wp-content\/uploads\/2026\/01\/Capture-decran-2026-01-28-164922-32x23.png"}}},"all_day":false,"start_date":"2026-03-01 17:00:00","start_date_details":{"year":"2026","month":"03","day":"01","hour":"17","minutes":"00","seconds":"00"},"end_date":"2026-03-01 18:30:00","end_date_details":{"year":"2026","month":"03","day":"01","hour":"18","minutes":"30","seconds":"00"},"utc_start_date":"2026-03-01 16:00:00","utc_start_date_details":{"year":"2026","month":"03","day":"01","hour":"16","minutes":"00","seconds":"00"},"utc_end_date":"2026-03-01 17:30:00","utc_end_date_details":{"year":"2026","month":"03","day":"01","hour":"17","minutes":"30","seconds":"00"},"timezone":"Europe\/Paris","timezone_abbr":"CET","cost":"","cost_details":{"currency_symbol":"\u20ac","currency_code":"USD","currency_position":"prefix","values":[]},"website":"","show_map":true,"show_map_link":true,"hide_from_listings":false,"sticky":false,"featured":false,"categories":[],"tags":[],"venue":[],"organizer":[],"custom_fields":[],"json_ld":{"@context":"http:\/\/schema.org","@type":"Event","name":"Pourim : une lecture d&rsquo;Itsik Manger par Rafael Goldwaser &#8211; Annul\u00e9","description":"&lt;p&gt;Cette activit\u00e9 a \u00e9t\u00e9 annul\u00e9e. Rafael Goldwaser, acteur et metteur en sc\u00e8ne du th\u00e9atre yiddish, pr\u00e9sente en musique et en rimes, \u00e0 la mani\u00e8re des troubadours la\u00a0Meghile\u00a0d\\'Itsik Manger, le &quot;Prince &hellip; &lt;\/p&gt;\\n&lt;p class=&quot;link-more&quot;&gt;&lt;a href=&quot;https:\/\/programme.yiddish.paris\/?tribe_events=pourim-une-lecture-ditsik-manger-par-rafael-goldwaser&quot; class=&quot;more-link&quot;&gt;Continuer la lecture&lt;span class=&quot;screen-reader-text&quot;&gt; de &laquo;&nbsp;Pourim : une lecture d&rsquo;Itsik Manger par Rafael Goldwaser &#8211; Annul\u00e9&nbsp;&raquo;&lt;\/span&gt;&lt;\/a&gt;&lt;\/p&gt;\\n","image":"https:\/\/programme.yiddish.paris\/wp-content\/uploads\/2026\/01\/Capture-decran-2026-01-28-164922.png","url":"https:\/\/programme.yiddish.paris\/?tribe_events=pourim-une-lecture-ditsik-manger-par-rafael-goldwaser","eventAttendanceMode":"https:\/\/schema.org\/OfflineEventAttendanceMode","eventStatus":"https:\/\/schema.org\/EventScheduled","startDate":"2026-03-01T17:00:00+01:00","endDate":"2026-03-01T18:30:00+01:00","performer":"Organization"}}