{"id":7097,"global_id":"programme.yiddish.paris?id=7097","global_id_lineage":["programme.yiddish.paris?id=7097"],"author":"5","status":"publish","date":"2026-02-11 19:20:54","date_utc":"2026-02-11 18:20:54","modified":"2026-04-16 13:44:57","modified_utc":"2026-04-16 11:44:57","url":"https:\/\/programme.yiddish.paris\/?tribe_events=bibliotheque-medem-ouvre-ses-portes-110-eme-anniversaire-de-la-mort-de-sholem-aleykhem","rest_url":"https:\/\/programme.yiddish.paris\/index.php?rest_route=\/tribe\/events\/v1\/events\/7097","title":"Biblioth\u00e8que Medem ouvre ses portes\u00a0: 110\u00e8me anniversaire de la mort de Sholem-Aleykhem","description":"<div style=\"text-align: left;\"><\/div>\n<p><span style=\"font-family: Libre franklin;\"><span style=\"font-size: medium;\"><b>Sholem-Aleykhem : les langues slaves au service du comique dans Motl<\/b><\/span><\/span><\/p>\n<p><span style=\"font-family: Libre franklin;\"><span style=\"font-size: medium;\">Les ressources comiques de l\u2019\u0153uvre de Sholem-Aleykhem sont multiples, pour notre plus grand plaisir ! Il est un ressort comique que l\u2019on conna\u00eet moins, et qui, avec le temps, est devenu moins d\u00e9chiffrable pour les lecteurs du XXIe si\u00e8cle : c\u2019est l\u2019utilisation que l\u2019\u00e9crivain fait de deux langues slaves \u2013 le russe et l\u2019ukrainien. L\u2019auteur les met dans la bouche de ses personnages, en g\u00e9n\u00e9ral m\u00e9lang\u00e9s et entrem\u00eal\u00e9s, pour susciter l\u2019hilarit\u00e9 de ses contemporains, en particulier des Juifs ukrainiens, qui, s\u2019ils ne ma\u00eetrisaient pas toujours \u00e0 la perfection les langues slaves, les comprenaient et les distinguaient. Ces effets comiques sont bas\u00e9s sur les r\u00e9alit\u00e9s linguistiques de l\u2019Ukraine que l\u2019on retrouve jusqu\u2019\u00e0 nos jours avec l\u2019existence d\u2019un hybride linguistique particuli\u00e8rement savoureux : le \u00ab sourjik \u00bb.<\/span><\/span><\/p>\n<p><span style=\"font-family: Libre franklin;\"><span style=\"font-size: medium;\">Nous analyserons cet aspect de l\u2019\u00e9criture de Sholem-Aleykhem \u00e0 travers les aventures truculentes de Motl, et en profiterons pour montrer au public diff\u00e9rentes \u00e9ditions de <i>Motl fils du chantre<\/i> conserv\u00e9es \u00e0 la Biblioth\u00e8que Medem. La conf\u00e9rence se d\u00e9roulera en fran\u00e7ais, mais les extraits seront analys\u00e9s en yiddish et en fran\u00e7ais. <\/span><\/span><\/p>\n<p><span style=\"font-family: Times New Roman, serif;\"><span style=\"font-size: medium;\"><span style=\"font-family: Libre franklin;\"><i>Motl fils du chantre<\/i><\/span><span style=\"font-family: Libre franklin;\">, \u00e0 lire en fran\u00e7ais (traduit du yiddish par Nadia D\u00e9han-Rotschild et Evelyne Grumberg) aux \u00e9ditions de l\u2019Antilope\u00a0: <a href=\"https:\/\/www.editionsdelantilope.fr\/project\/motl_fils_du_chantre\/\">Motl fils du chantre &#8211; \u00c9ditions de l&rsquo;Antilope<\/a> \/ en yiddish dans l\u2019une des multiples \u00e9ditions en yiddish disponibles \u00e0 la Biblioth\u00e8que Medem, ou en ligne (dans une version simplifi\u00e9e) gr\u00e2ce au Yiddish Book Center : <a href=\"https:\/\/www.yiddishbookcenter.org\/collections\/yiddish-books\/spb-nybc200058\/sholem-aleichem-silberberg-i-motl-peysi-dem-hazns\">Motl Peysi dem khazns | Yiddish Book Center<\/a><\/span><\/span><\/span><\/p>\n<p><span style=\"font-family: Libre franklin;\"><span style=\"font-size: medium;\">Enseignante de yiddish, <b>Clarisse Brossard<\/b>\u00a0est dipl\u00f4m\u00e9e en relations internationales et agr\u00e9g\u00e9e de russe. Ses recherches concernent l\u2019avant-garde yiddish en Ukraine, en particulier le d\u00e9veloppement de la Kultur-lige \u00e0 l\u2019\u00e9poque de la R\u00e9publique populaire d\u2019Ukraine.<\/span><\/span><\/p>\n<p><span style=\"font-size: 12pt;\"><em><strong><span style=\"color: #ff0000;\">Tarif : 5 \u20ac. Adh\u00e9rents : <span style=\"font-family: Times New Roman, serif;\"><span style=\"font-size: medium;\"><span style=\"font-family: Libre franklin;\">entr\u00e9e libre (sur r\u00e9servation)*.<\/span><\/span><\/span><\/span><\/strong><br \/>\n<a href=\"https:\/\/www.helloasso.com\/associations\/maison-de-la-culture-yiddish-bibliotheque-medem\/adhesions\/adhesion-en-ligne-a-la-maison-de-la-culture-yiddish-2021-2022\">*<\/a><a href=\"http:\/\/adhesion.yiddish.paris\/\">Adh\u00e9rez \u00e0 la Maison de la culture yiddish pour la saison 2025-2026<\/a>\u00a0et d\u00e9couvrez\u00a0<strong>le code promotionnel<\/strong>\u00a0qui vous donnera acc\u00e8s au\u00a0<strong>tarif r\u00e9duit<\/strong>\u00a0sur vos r\u00e9servations.<\/em><\/span><\/p>\n<p style=\"text-align: left;\"><span style=\"font-size: 12pt;\"><span style=\"color: #ff0000;\"><a style=\"color: #ff0000;\" href=\"https:\/\/www.helloasso.com\/associations\/maison-de-la-culture-yiddish-bibliotheque-medem\/evenements\/mcy-activites-mai-2026\"><strong>Cliquez ici<\/strong><\/a><\/span>\u00a0pour r\u00e9server (r\u00e9servation obligatoire).<\/span><\/p>\n<p style=\"text-align: left;\"><span style=\"font-size: 12pt;\"><strong>Attention : <\/strong>au moment du r\u00e8glement, la plateforme Helloasso vous proposera d\u2019ajouter une contribution \u00e0 son fonctionnement. Celle-ci est optionnelle, et vous pouvez changer son montant ou bien l\u2019annuler en appuyant sur le bouton<strong> \u00ab Modifier \u00bb<\/strong>.<\/span><\/p>","excerpt":"","slug":"bibliotheque-medem-ouvre-ses-portes-110-eme-anniversaire-de-la-mort-de-sholem-aleykhem","image":{"url":"https:\/\/programme.yiddish.paris\/wp-content\/uploads\/2026\/02\/Capture-decran-2026-02-11-192007.png","id":7098,"extension":"png","width":347,"height":499,"filesize":339682,"sizes":{"medium":{"width":209,"height":300,"mime-type":"image\/png","filesize":120200,"url":"https:\/\/programme.yiddish.paris\/wp-content\/uploads\/2026\/02\/Capture-decran-2026-02-11-192007-209x300.png"},"thumbnail":{"width":150,"height":150,"mime-type":"image\/png","filesize":46093,"url":"https:\/\/programme.yiddish.paris\/wp-content\/uploads\/2026\/02\/Capture-decran-2026-02-11-192007-150x150.png"},"twentyseventeen-thumbnail-avatar":{"width":100,"height":100,"mime-type":"image\/png","filesize":21255,"url":"https:\/\/programme.yiddish.paris\/wp-content\/uploads\/2026\/02\/Capture-decran-2026-02-11-192007-100x100.png"},"menu-24x24":{"width":17,"height":24,"mime-type":"image\/png","filesize":1045,"url":"https:\/\/programme.yiddish.paris\/wp-content\/uploads\/2026\/02\/Capture-decran-2026-02-11-192007-17x24.png"},"menu-28x28":{"width":19,"height":28,"mime-type":"image\/png","filesize":1305,"url":"https:\/\/programme.yiddish.paris\/wp-content\/uploads\/2026\/02\/Capture-decran-2026-02-11-192007-19x28.png"},"menu-32x32":{"width":22,"height":32,"mime-type":"image\/png","filesize":1678,"url":"https:\/\/programme.yiddish.paris\/wp-content\/uploads\/2026\/02\/Capture-decran-2026-02-11-192007-22x32.png"}}},"all_day":false,"start_date":"2026-05-09 17:00:00","start_date_details":{"year":"2026","month":"05","day":"09","hour":"17","minutes":"00","seconds":"00"},"end_date":"2026-05-09 18:00:00","end_date_details":{"year":"2026","month":"05","day":"09","hour":"18","minutes":"00","seconds":"00"},"utc_start_date":"2026-05-09 15:00:00","utc_start_date_details":{"year":"2026","month":"05","day":"09","hour":"15","minutes":"00","seconds":"00"},"utc_end_date":"2026-05-09 16:00:00","utc_end_date_details":{"year":"2026","month":"05","day":"09","hour":"16","minutes":"00","seconds":"00"},"timezone":"Europe\/Paris","timezone_abbr":"CEST","cost":"","cost_details":{"currency_symbol":"\u20ac","currency_code":"USD","currency_position":"prefix","values":[]},"website":"","show_map":true,"show_map_link":true,"hide_from_listings":false,"sticky":false,"featured":false,"categories":[],"tags":[],"venue":[],"organizer":[],"custom_fields":[],"json_ld":{"@context":"http:\/\/schema.org","@type":"Event","name":"Biblioth\u00e8que Medem ouvre ses portes\u00a0: 110\u00e8me anniversaire de la mort de Sholem-Aleykhem","description":"&lt;p&gt;Sholem-Aleykhem : les langues slaves au service du comique dans Motl Les ressources comiques de l\u2019\u0153uvre de Sholem-Aleykhem sont multiples, pour notre plus grand plaisir ! Il est un ressort &hellip; &lt;\/p&gt;\\n&lt;p class=&quot;link-more&quot;&gt;&lt;a href=&quot;https:\/\/programme.yiddish.paris\/?tribe_events=bibliotheque-medem-ouvre-ses-portes-110-eme-anniversaire-de-la-mort-de-sholem-aleykhem&quot; class=&quot;more-link&quot;&gt;Continuer la lecture&lt;span class=&quot;screen-reader-text&quot;&gt; de &laquo;&nbsp;Biblioth\u00e8que Medem ouvre ses portes\u00a0: 110\u00e8me anniversaire de la mort de Sholem-Aleykhem&nbsp;&raquo;&lt;\/span&gt;&lt;\/a&gt;&lt;\/p&gt;\\n","image":"https:\/\/programme.yiddish.paris\/wp-content\/uploads\/2026\/02\/Capture-decran-2026-02-11-192007.png","url":"https:\/\/programme.yiddish.paris\/?tribe_events=bibliotheque-medem-ouvre-ses-portes-110-eme-anniversaire-de-la-mort-de-sholem-aleykhem","eventAttendanceMode":"https:\/\/schema.org\/OfflineEventAttendanceMode","eventStatus":"https:\/\/schema.org\/EventScheduled","startDate":"2026-05-09T17:00:00+02:00","endDate":"2026-05-09T18:00:00+02:00","performer":"Organization"}}