{"id":7166,"global_id":"programme.yiddish.paris?id=7166","global_id_lineage":["programme.yiddish.paris?id=7166"],"author":"2","status":"publish","date":"2026-02-25 18:33:07","date_utc":"2026-02-25 17:33:07","modified":"2026-04-28 17:59:42","modified_utc":"2026-04-28 15:59:42","url":"https:\/\/programme.yiddish.paris\/?tribe_events=zuntik-seminar-seminaire-mensuel-de-litterature-yiddish-en-yiddish-sur-zoom-et-en-presentiel-2","rest_url":"https:\/\/programme.yiddish.paris\/index.php?rest_route=\/tribe\/events\/v1\/events\/7166","title":"Zuntik-seminar \/ S\u00e9minaire mensuel de litt\u00e9rature yiddish (en yiddish, sur Zoom et en pr\u00e9sentiel)","description":"<h2 class=\"has-text-align-right\" style=\"text-align: right;\"><strong>\u05d7\u05d5\u05d3\u05e9\u05dc\u05e2\u05db\u05e2\u05e8 \u05e1\u05e2\u05de\u05d9\u05e0\u05d0\u05b7\u05e8 \u05e4\u05bf\u05d5\u05df \u05d9\u05d9\u05b4\u05d3\u05d9\u05e9\u05e2\u05e8 \u05dc\u05d9\u05d8\u05e2\u05e8\u05d0\u05b7\u05d8\u05d5\u05e8<\/strong><\/h2>\n<h2><strong>S\u00e9minaire mensuel de litt\u00e9rature yiddish<\/strong>\u00a0sous la direction de\u00a0<strong>Sharon Bar-Kochva<\/strong>,\u00a0<strong>Yitskhok Niborski<\/strong>\u00a0et\u00a0<strong>Natalia Krynicka<\/strong><\/h2>\n<p><span style=\"color: #ff0000;\"><strong>Dimanche 14 juin 2026, 9h30-17h00<\/strong><\/span><\/p>\n<p>\u0152uvres \u00e9tudi\u00e9es : nouvelles de Mendele Moykher-Sforim (\u00ab Der khilef \u00bb) ; nouvelles humoristiques de Der Tunkeler ; \u00ab Grine felder \u00bb de Perets Hirshbeyn : la pi\u00e8ce de th\u00e9\u00e2tre et le film.<\/p>\n<p><strong><span style=\"color: #ff0000;\">09h30 \u2013 11h00<\/span>\u00a0Yitskhok Niborski\u00a0<\/strong><strong><br \/>\n<span style=\"color: #ff0000;\">11h30 \u2013 13h00<\/span>\u00a0Sharon Bar-Kochva<\/strong><br \/>\n<strong><span style=\"color: #ff0000;\">14h30 \u2013 17h00<\/span>\u00a0Natalia Krynicka<\/strong><\/p>\n<p>Le s\u00e9minaire se d\u00e9roule en yiddish, en mode hybride :\u00a0<strong>sur<\/strong>\u00a0<strong>Zoom\u00a0<\/strong>et en<strong>\u00a0pr\u00e9sentiel<\/strong>.<\/p>\n<p><em><span style=\"color: #ff0000;\"><strong>Tarif : 35 \u20ac. Adh\u00e9rents : 30 \u20ac*.<\/strong><\/span><br \/>\n<a href=\"https:\/\/www.helloasso.com\/associations\/maison-de-la-culture-yiddish-bibliotheque-medem\/adhesions\/adhesion-en-ligne-a-la-maison-de-la-culture-yiddish-2021-2022\">*<\/a><a href=\"http:\/\/adhesion.yiddish.paris\/\">Adh\u00e9rez \u00e0 la Maison de la culture yiddish pour la saison 2025-2026<\/a>\u00a0et d\u00e9couvrez\u00a0<strong>le code promotionnel<\/strong>\u00a0qui vous donnera acc\u00e8s au\u00a0<strong>tarif r\u00e9duit<\/strong>\u00a0sur vos r\u00e9servations.<\/em><\/p>\n<p><strong><a href=\"https:\/\/www.helloasso.com\/associations\/maison-de-la-culture-yiddish-bibliotheque-medem\/evenements\/mcy-activites-juin-2026\"><span style=\"color: #ff0000;\">Cliquez ici<\/span><\/a><\/strong>\u00a0pour r\u00e9server (r\u00e9servation obligatoire).<\/p>\n<p><strong>Attention : <\/strong>au moment du r\u00e8glement, la plateforme Helloasso vous proposera d\u2019ajouter une contribution \u00e0 son fonctionnement. Celle-ci est optionnelle, et vous pouvez changer son montant ou bien l\u2019annuler en appuyant sur le bouton<strong> \u00ab Modifier \u00bb<\/strong>.<\/p>\n<h2 class=\"has-text-align-right\" style=\"text-align: right;\">\u05d7\u05d5\u05d3\u05e9\u05dc\u05e2\u05db\u05e2\u05e8 \u05e1\u05e2\u05de\u05d9\u05e0\u05d0\u05b7\u05e8 \u05e4\u05bf\u05d5\u05df \u05d9\u05d9\u05b4\u05d3\u05d9\u05e9\u05e2\u05e8 \u05dc\u05d9\u05d8\u05e2\u05e8\u05d0\u05b7\u05d8\u05d5\u05e8 \u05d0\u05d5\u05e0\u05d8\u05e2\u05e8 \u05d3\u05e2\u05e8 \u05d0\u05b8\u05e0\u05e4\u05bf\u05d9\u05e8\u05d5\u05e0\u05d2 \u05e4\u05bf\u05d5\u05df\u00a0<strong>\u05e9\u05e8\u05d5\u05df \u05d1\u05e8\u05be\u05db\u05bc\u05d5\u05db\u05d1\u05bf\u05d0<\/strong>,\u00a0<strong>\u05d9\u05e6\u05d7\u05e7 \u05e0\u05d9\u05d1\u05d0\u05b8\u05e8\u05e1\u05e7\u05d9\u00a0<\/strong>\u05d0\u05d5\u05df\u00a0<strong>\u05e0\u05d0\u05b7\u05d8\u05d0\u05b7\u05dc\u05d9\u05e2 \u05e7\u05e8\u05d9\u05e0\u05d9\u05e6\u05e7\u05d0\u05b7<\/strong><\/h2>\n<p style=\"text-align: right;\"><span style=\"color: #ff0000;\"><strong>\u00a0\u05d6\u05d5\u05e0\u05d8\u05d9\u05e7 \u05d3\u05e2\u05dd 14\u05d8\u05df \u05d9\u05d5\u05e0\u05d9 2026, 9.30 \u05d0\u05d9\u05df \u05d3\u05e2\u05e8 \u05e4\u05bf\u05e8\u05d9 \u2014 5.00 \u05d0\u05b7\u05d6\u05f3 \u05e0\u05d0\u05b8\u05da \u05de\u05d9\u05d8\u05d0\u05b8\u05d2 \u05e4\u05bc\u05d0\u05b7\u05e8\u05d9\u05d6\u05e2\u05e8 \u05e6\u05f2\u05b7\u05d8<\/strong><\/span><\/p>\n<p style=\"text-align: right;\">\u05d8\u05e2\u05de\u05e2\u05e1 : \u05de\u05e2\u05e0\u05d3\u05e2\u05dc\u05e2\u05e1 \u05d3\u05e2\u05e8\u05e6\u05d9\u05d9\u05dc\u05d5\u05e0\u05d2\u05e2\u05df (\u201e\u05d3\u05e2\u05e8 \u05d7\u05d9\u05dc\u05d5\u05e3\u201c), \u05d3\u05e2\u05e8 \u05d8\u05d5\u05e0\u05e7\u05e2\u05dc\u05e2\u05e8 : \u05d4\u05d5\u05de\u05d0\u05b8\u05e8\u05e2\u05e1\u05e7\u05e2\u05e1, \u201e\u05d2\u05e8\u05d9\u05e0\u05e2 \u05e4\u05bf\u05e2\u05dc\u05d3\u05e2\u05e8\u201c \u05e4\u05bf\u05d5\u05df \u05e4\u05bc\u05e8\u05e5 \u05d4\u05d9\u05e8\u05e9\u05d1\u05d9\u05d9\u05df : \u05e4\u05bc\u05d9\u05e2\u05e1\u05e2 \u05d0\u05d5\u05df \u05e4\u05bf\u05d9\u05dc\u05dd<\/p>\n<p dir=\"rtl\"><strong><span style=\"color: #ff0000;\">9.30 \u2013 11.00\u00a0\u05d0\u05b7\u05d6\u2019<\/span>\u00a0\u05d9\u05e6\u05d7\u05e7 \u05e0\u05d9\u05d1\u05d0\u05b8\u05e8\u05e1\u05e7\u05d9\u00a0<\/strong><br \/>\n<strong><span style=\"color: #ff0000;\">11.30 \u2013 13.00\u00a0\u05d0\u05b7\u05d6\u2019<\/span>\u00a0\u05e9\u05e8\u05d5\u05df \u05d1\u05e8\u05be\u05db\u05bc\u05d5\u05db\u05d1\u05bf\u05d0\u00a0<\/strong><br \/>\n<strong><span style=\"color: #ff0000;\">14.30 \u2013 17.00\u00a0\u05d0\u05b7\u05d6\u05f3<\/span>\u00a0\u05e0\u05d0\u05b7\u05d8\u05d0\u05b7\u05dc\u05d9\u05e2 \u05e7\u05e8\u05d9\u05e0\u05d9\u05e6\u05e7\u05d0\u05b7<\/strong><\/p>\n<p dir=\"rtl\">\u05d3\u05e2\u05e8 \u05e1\u05e2\u05de\u05d9\u05e0\u05d0\u05b7\u05e8 \u05e7\u05d5\u05de\u05d8 \u05e4\u05bf\u05d0\u05b8\u05e8 \u05d0\u05d5\u05d9\u05e3 \u05d9\u05d9\u05b4\u05d3\u05d9\u05e9,\u00a0<strong>\u05d3\u05d5\u05e8\u05da<\/strong>\u00a0<strong>\u05d6\u05d5\u05dd<\/strong>\u00a0\u05d0\u05d5\u05df\u00a0<strong>\u05d0\u05d5\u05d9\u05e4\u05bf\u05df \u05d0\u05b8\u05e8\u05d8<\/strong>, \u05d0\u05d9\u05e0\u05e2\u05dd \u05e4\u05bc\u05d0\u05b7\u05e8\u05d9\u05d6\u05e2\u05e8 \u05d9\u05d9\u05b4\u05d3\u05d9\u05e9\u05be\u05e6\u05e2\u05e0\u05d8\u05e2\u05e8.<\/p>\n<p dir=\"rtl\">\u05d0\u05d5\u05d9\u05d1 \u05d0\u05d9\u05e8 \u05d4\u05d0\u05b8\u05d8 \u05e4\u05bf\u05e8\u05d0\u05b7\u05d2\u05e2\u05e1\u2009:\u00a0<a href=\"mailto:talmidim@yiddishweb.com\"><strong>talmidim@yiddishweb.com<\/strong><\/a><\/p>\n<p dir=\"rtl\">\u05de\u05e2 \u05d3\u05d0\u05b7\u05e8\u05e3 \u05d6\u05d9\u05da \u05d0\u05d5\u05de\u05d1\u05d0\u05b7\u05d3\u05d9\u05e0\u05d2\u05d8 \u05d0\u05f2\u05b7\u05e0\u05e9\u05e8\u05f2\u05b7\u05d1\u05df \u05d0\u05d9\u05df \u05e4\u05bf\u05d0\u05b8\u05e8\u05d5\u05d9\u05e1.<\/p>\n<h3 dir=\"rtl\"><a href=\"https:\/\/www.helloasso.com\/associations\/maison-de-la-culture-yiddish-bibliotheque-medem\/evenements\/mcy-activites-juin-2026\"><span style=\"color: #ff0000;\"><strong>\u05d0\u05f2\u05b7\u05e0\u05e9\u05e8\u05f2\u05b7\u05d1\u05d5\u05e0\u05d2<\/strong><\/span><\/a><\/h3>\n<p dir=\"rtl\"><strong><span style=\"color: #ff0000;\">\u05e9\u05b9\u05db\u05e8\u05be\u05dc\u05d9\u05de\u05d5\u05d3 : 35 \u05d0\u05d9\u05d9\u05e8\u05d0\u05b8\u05e1. \u05de\u05d9\u05d8\u05d2\u05dc\u05d9\u05d3\u05e2\u05e8* : 30 \u05d0\u05d9\u05d9\u05e8\u05d0\u05b8\u05e1.<\/span><\/strong><\/p>\n<p dir=\"rtl\">*\u05d0\u05d5\u05d9\u05d1 \u05d0\u05d9\u05e8\u00a0\u05d5\u05d5\u05e2\u05e8\u05d8 \u05d0\u05b7\u00a0<a href=\"http:\/\/adhesion.yiddish.paris\/\">\u05de\u05d9\u05d8\u05d2\u05dc\u05d9\u05d3 \u05d0\u05d9\u05e0\u05e2\u05dd \u05e4\u05bc\u05d0\u05b7\u05e8\u05d9\u05d6\u05e2\u05e8 \u05d9\u05d9\u05b4\u05d3\u05d9\u05e9\u05be\u05e6\u05e2\u05e0\u05d8\u05e2\u05e8 \u05e4\u05bf\u05d0\u05b7\u05e8\u05df \u05d9\u05d0\u05b8\u05e8\u00a0 2026-2025<\/a>, \u05d5\u05d5\u05e2\u05d8 \u05d0\u05d9\u05e8 \u05e7\u05e8\u05d9\u05d2\u05df \u05d0\u05b7 \u05d4\u05e0\u05d7\u05d4\u05be\u05e7\u05d0\u05b8\u05d3 \u05e4\u05bf\u05d0\u05b7\u05e8\u05df \u05de\u05d9\u05d8\u05d2\u05dc\u05d9\u05d3\u05e2\u05e8\u05be\u05e4\u05bc\u05e8\u05f2\u05b7\u05d6.<\/p>\n<p dir=\"rtl\"><strong>\u05d5\u05d5\u05e2\u05df \u05d0\u05d9\u05e8 \u05d5\u05d5\u05e2\u05d8 \u05d4\u05d0\u05b7\u05dc\u05d8\u05df \u05d1\u05f2\u05b7\u05dd \u05d1\u05d0\u05b7\u05e6\u05d0\u05b8\u05dc\u05df, \u05d5\u05d5\u05e2\u05d8 \u05d0\u05f2\u05b7\u05da \u00ab \u05d4\u05e2\u05dc\u05d0\u05b8\u05d0\u05b7\u05e1\u05d0\u05b8 \u00bb \u05e4\u05bf\u05d0\u05b8\u05e8\u05dc\u05d9\u05d9\u05d2\u05df \u05d0\u05b7 \u05e6\u05d5\u05d2\u05d0\u05b8\u05d1\u05be\u05e6\u05d5\u05e9\u05d8\u05f2\u05b7\u05e2\u05e8 \u05e4\u05bf\u05d0\u05b7\u05e8\u05df \u05e7\u05d9\u05d5\u05dd \u05e4\u05bf\u05d5\u05df \u05d3\u05e2\u05e8 \u05d3\u05d0\u05b8\u05d6\u05d9\u05e7\u05e2\u05e8 \u05e4\u05bc\u05dc\u05d0\u05b7\u05d8\u05e4\u05bf\u05d0\u05b8\u05e8\u05de\u05e2. \u05d3\u05d0\u05b8\u05e1 \u05d0\u05d9\u05d6 \u05d0\u05b8\u05e4\u05bc\u05e6\u05d9\u05d0\u05b8\u05e0\u05e2\u05dc : \u05d0\u05d9\u05e8 \u05e7\u05e2\u05e0\u05d8 \u05d1\u05f2\u05b7\u05d8\u05df \u05d3\u05d9 \u05e1\u05d5\u05de\u05e2 \u05d0\u05b8\u05d3\u05e2\u05e8 \u05d0\u05b7\u05e0\u05d5\u05dc\u05d9\u05e8\u05df \u05d3\u05e2\u05dd \u05e6\u05d5\u05e9\u05d8\u05f2\u05b7\u05e2\u05e8 \u05de\u05d9\u05d8\u05df \u05e7\u05e0\u05e2\u05e4\u05bc\u05dc \u00ab\u00a0Modifier\u00a0\u00bb.<\/strong><\/p>","excerpt":"","slug":"zuntik-seminar-seminaire-mensuel-de-litterature-yiddish-en-yiddish-sur-zoom-et-en-presentiel-2","image":{"url":"https:\/\/programme.yiddish.paris\/wp-content\/uploads\/2026\/02\/Mendele-mitn-vayb-scaled.jpg","id":7168,"extension":"jpg","width":1706,"height":2560,"filesize":643368,"sizes":{"medium":{"width":200,"height":300,"mime-type":"image\/jpeg","filesize":10563,"url":"https:\/\/programme.yiddish.paris\/wp-content\/uploads\/2026\/02\/Mendele-mitn-vayb-200x300.jpg"},"large":{"width":682,"height":1024,"mime-type":"image\/jpeg","filesize":102762,"url":"https:\/\/programme.yiddish.paris\/wp-content\/uploads\/2026\/02\/Mendele-mitn-vayb-682x1024.jpg"},"thumbnail":{"width":150,"height":150,"mime-type":"image\/jpeg","filesize":4608,"url":"https:\/\/programme.yiddish.paris\/wp-content\/uploads\/2026\/02\/Mendele-mitn-vayb-150x150.jpg"},"medium_large":{"width":768,"height":1153,"mime-type":"image\/jpeg","filesize":128465,"url":"https:\/\/programme.yiddish.paris\/wp-content\/uploads\/2026\/02\/Mendele-mitn-vayb-768x1153.jpg"},"1536x1536":{"width":1023,"height":1536,"mime-type":"image\/jpeg","filesize":221993,"url":"https:\/\/programme.yiddish.paris\/wp-content\/uploads\/2026\/02\/Mendele-mitn-vayb-1023x1536.jpg"},"2048x2048":{"width":1365,"height":2048,"mime-type":"image\/jpeg","filesize":425839,"url":"https:\/\/programme.yiddish.paris\/wp-content\/uploads\/2026\/02\/Mendele-mitn-vayb-1365x2048.jpg"},"twentyseventeen-featured-image":{"width":1833,"height":1200,"mime-type":"image\/jpeg","filesize":345872,"url":"https:\/\/programme.yiddish.paris\/wp-content\/uploads\/2026\/02\/Mendele-mitn-vayb-1833x1200.jpg"},"twentyseventeen-thumbnail-avatar":{"width":100,"height":100,"mime-type":"image\/jpeg","filesize":2450,"url":"https:\/\/programme.yiddish.paris\/wp-content\/uploads\/2026\/02\/Mendele-mitn-vayb-100x100.jpg"},"menu-24x24":{"width":16,"height":24,"mime-type":"image\/jpeg","filesize":286,"url":"https:\/\/programme.yiddish.paris\/wp-content\/uploads\/2026\/02\/Mendele-mitn-vayb-16x24.jpg"},"menu-28x28":{"width":19,"height":28,"mime-type":"image\/jpeg","filesize":355,"url":"https:\/\/programme.yiddish.paris\/wp-content\/uploads\/2026\/02\/Mendele-mitn-vayb-19x28.jpg"},"menu-32x32":{"width":21,"height":32,"mime-type":"image\/jpeg","filesize":381,"url":"https:\/\/programme.yiddish.paris\/wp-content\/uploads\/2026\/02\/Mendele-mitn-vayb-21x32.jpg"}},"original_image":"Mendele-mitn-vayb.jpg"},"all_day":false,"start_date":"2026-06-14 09:30:00","start_date_details":{"year":"2026","month":"06","day":"14","hour":"09","minutes":"30","seconds":"00"},"end_date":"2026-06-14 17:00:00","end_date_details":{"year":"2026","month":"06","day":"14","hour":"17","minutes":"00","seconds":"00"},"utc_start_date":"2026-06-14 07:30:00","utc_start_date_details":{"year":"2026","month":"06","day":"14","hour":"07","minutes":"30","seconds":"00"},"utc_end_date":"2026-06-14 15:00:00","utc_end_date_details":{"year":"2026","month":"06","day":"14","hour":"15","minutes":"00","seconds":"00"},"timezone":"Europe\/Paris","timezone_abbr":"CEST","cost":"","cost_details":{"currency_symbol":"\u20ac","currency_code":"USD","currency_position":"prefix","values":[]},"website":"","show_map":true,"show_map_link":true,"hide_from_listings":false,"sticky":false,"featured":false,"categories":[{"name":"s\u00e9minaire","slug":"seminaire","term_group":0,"term_taxonomy_id":45,"taxonomy":"tribe_events_cat","description":"","parent":0,"count":66,"filter":"raw","id":45,"urls":{"self":"https:\/\/programme.yiddish.paris\/index.php?rest_route=\/tribe\/events\/v1\/categories\/45","collection":"https:\/\/programme.yiddish.paris\/index.php?rest_route=\/tribe\/events\/v1\/categories"}},{"name":"yiddish","slug":"yiddish","term_group":0,"term_taxonomy_id":56,"taxonomy":"tribe_events_cat","description":"","parent":0,"count":257,"filter":"raw","id":56,"urls":{"self":"https:\/\/programme.yiddish.paris\/index.php?rest_route=\/tribe\/events\/v1\/categories\/56","collection":"https:\/\/programme.yiddish.paris\/index.php?rest_route=\/tribe\/events\/v1\/categories"}}],"tags":[],"venue":[],"organizer":[],"custom_fields":[],"json_ld":{"@context":"http:\/\/schema.org","@type":"Event","name":"Zuntik-seminar \/ S\u00e9minaire mensuel de litt\u00e9rature yiddish (en yiddish, sur Zoom et en pr\u00e9sentiel)","description":"&lt;p&gt;\u05d7\u05d5\u05d3\u05e9\u05dc\u05e2\u05db\u05e2\u05e8 \u05e1\u05e2\u05de\u05d9\u05e0\u05d0\u05b7\u05e8 \u05e4\u05bf\u05d5\u05df \u05d9\u05d9\u05b4\u05d3\u05d9\u05e9\u05e2\u05e8 \u05dc\u05d9\u05d8\u05e2\u05e8\u05d0\u05b7\u05d8\u05d5\u05e8 S\u00e9minaire mensuel de litt\u00e9rature yiddish\u00a0sous la direction de\u00a0Sharon Bar-Kochva,\u00a0Yitskhok Niborski\u00a0et\u00a0Natalia Krynicka Dimanche 14 juin 2026, 9h30-17h00 \u0152uvres \u00e9tudi\u00e9es : nouvelles de Mendele Moykher-Sforim (\u00ab Der &hellip; &lt;\/p&gt;\\n&lt;p class=&quot;link-more&quot;&gt;&lt;a href=&quot;https:\/\/programme.yiddish.paris\/?tribe_events=zuntik-seminar-seminaire-mensuel-de-litterature-yiddish-en-yiddish-sur-zoom-et-en-presentiel-2&quot; class=&quot;more-link&quot;&gt;Continuer la lecture&lt;span class=&quot;screen-reader-text&quot;&gt; de &laquo;&nbsp;Zuntik-seminar \/ S\u00e9minaire mensuel de litt\u00e9rature yiddish (en yiddish, sur Zoom et en pr\u00e9sentiel)&nbsp;&raquo;&lt;\/span&gt;&lt;\/a&gt;&lt;\/p&gt;\\n","image":"https:\/\/programme.yiddish.paris\/wp-content\/uploads\/2026\/02\/Mendele-mitn-vayb-scaled.jpg","url":"https:\/\/programme.yiddish.paris\/?tribe_events=zuntik-seminar-seminaire-mensuel-de-litterature-yiddish-en-yiddish-sur-zoom-et-en-presentiel-2","eventAttendanceMode":"https:\/\/schema.org\/OfflineEventAttendanceMode","eventStatus":"https:\/\/schema.org\/EventScheduled","startDate":"2026-06-14T09:30:00+02:00","endDate":"2026-06-14T17:00:00+02:00","performer":"Organization"}}