{"id":7617,"global_id":"programme.yiddish.paris?id=7617","global_id_lineage":["programme.yiddish.paris?id=7617"],"author":"2","status":"publish","date":"2026-09-01 17:09:55","date_utc":"2026-09-01 15:09:55","modified":"2026-09-01 17:09:55","modified_utc":"2026-09-01 15:09:55","url":"https:\/\/programme.yiddish.paris\/?tribe_events=le-cercle-de-conversation-du-tshaynik-cafe-fait-sa-rentree","rest_url":"https:\/\/programme.yiddish.paris\/index.php?rest_route=\/tribe\/events\/v1\/events\/7617","title":"Le cercle de conversation du Tshaynik Caf\u00e9 fait sa rentr\u00e9e !","description":"<h2 class=\"wp-block-paragraph\"><em>Lomir redn yidish !<\/em><\/h2>\n<p class=\"wp-block-paragraph\">Tous les\u00a0<strong>lundis, de 15h30 \u00e0 17h00<\/strong>\u00a0un groupe d\u2019irr\u00e9ductibles yiddishophones se retrouve pour papoter\u00a0<em>af yiddish<\/em>\u00a0autour d\u2019un th\u00e9 ou d\u2019un\u00a0<em>kavele<\/em>.<\/p>\n<p><strong>Premi\u00e8re s\u00e9ance<\/strong> de la rentr\u00e9e 2026\/2027 : le <strong>14 septembre, de 15h30 \u00e0 17h00<\/strong><\/p>\n<p class=\"wp-block-paragraph\">Hors vacances scolaires.<\/p>\n<p class=\"wp-block-paragraph\">Entr\u00e9e libre. R\u00e9serv\u00e9 aux adh\u00e9rents.\u00a0 Il n&rsquo;est pas n\u00e9cessaire de s&rsquo;inscrire \u00e0 l&rsquo;avance.<\/p>\n<p><em><a href=\"https:\/\/www.helloasso.com\/associations\/maison-de-la-culture-yiddish-bibliotheque-medem\/adhesions\/adhesion-en-ligne-a-la-maison-de-la-culture-yiddish-2026-2027\">Adh\u00e9rez \u00e0 la Maison de la culture yiddish pour la saison 2026-2027<\/a>\u00a0et d\u00e9couvrez\u00a0<strong>le code promotionnel<\/strong>\u00a0qui vous donnera acc\u00e8s au\u00a0<strong>tarif r\u00e9duit<\/strong>\u00a0sur vos r\u00e9servations.<\/em><\/p>","excerpt":"","slug":"le-cercle-de-conversation-du-tshaynik-cafe-fait-sa-rentree","image":{"url":"https:\/\/programme.yiddish.paris\/wp-content\/uploads\/2022\/09\/tshaynik-bis.png","id":3943,"extension":"png","width":1236,"height":1238,"filesize":234680,"sizes":{"medium":{"width":300,"height":300,"mime-type":"image\/png","filesize":53406,"url":"https:\/\/programme.yiddish.paris\/wp-content\/uploads\/2022\/09\/tshaynik-bis-300x300.png"},"large":{"width":1022,"height":1024,"mime-type":"image\/png","filesize":322423,"url":"https:\/\/programme.yiddish.paris\/wp-content\/uploads\/2022\/09\/tshaynik-bis-1022x1024.png"},"thumbnail":{"width":150,"height":150,"mime-type":"image\/png","filesize":18534,"url":"https:\/\/programme.yiddish.paris\/wp-content\/uploads\/2022\/09\/tshaynik-bis-150x150.png"},"medium_large":{"width":768,"height":769,"mime-type":"image\/png","filesize":218406,"url":"https:\/\/programme.yiddish.paris\/wp-content\/uploads\/2022\/09\/tshaynik-bis-768x769.png"},"twentyseventeen-featured-image":{"width":1236,"height":1200,"mime-type":"image\/png","filesize":162794,"url":"https:\/\/programme.yiddish.paris\/wp-content\/uploads\/2022\/09\/tshaynik-bis-1236x1200.png"},"twentyseventeen-thumbnail-avatar":{"width":100,"height":100,"mime-type":"image\/png","filesize":9974,"url":"https:\/\/programme.yiddish.paris\/wp-content\/uploads\/2022\/09\/tshaynik-bis-100x100.png"},"menu-24x24":{"width":24,"height":24,"mime-type":"image\/png","filesize":1222,"url":"https:\/\/programme.yiddish.paris\/wp-content\/uploads\/2022\/09\/tshaynik-bis-24x24.png"},"menu-28x28":{"width":28,"height":28,"mime-type":"image\/png","filesize":1517,"url":"https:\/\/programme.yiddish.paris\/wp-content\/uploads\/2022\/09\/tshaynik-bis-28x28.png"},"menu-32x32":{"width":32,"height":32,"mime-type":"image\/png","filesize":1811,"url":"https:\/\/programme.yiddish.paris\/wp-content\/uploads\/2022\/09\/tshaynik-bis-32x32.png"}}},"all_day":false,"start_date":"2026-09-14 15:30:00","start_date_details":{"year":"2026","month":"09","day":"14","hour":"15","minutes":"30","seconds":"00"},"end_date":"2026-09-14 17:00:00","end_date_details":{"year":"2026","month":"09","day":"14","hour":"17","minutes":"00","seconds":"00"},"utc_start_date":"2026-09-14 13:30:00","utc_start_date_details":{"year":"2026","month":"09","day":"14","hour":"13","minutes":"30","seconds":"00"},"utc_end_date":"2026-09-14 15:00:00","utc_end_date_details":{"year":"2026","month":"09","day":"14","hour":"15","minutes":"00","seconds":"00"},"timezone":"Europe\/Paris","timezone_abbr":"CEST","cost":"","cost_details":{"currency_symbol":"\u20ac","currency_code":"USD","currency_position":"prefix","values":[]},"website":"","show_map":true,"show_map_link":true,"hide_from_listings":false,"sticky":false,"featured":false,"categories":[{"name":"divertissement","slug":"divertissement","term_group":0,"term_taxonomy_id":39,"taxonomy":"tribe_events_cat","description":"","parent":0,"count":93,"filter":"raw","id":39,"urls":{"self":"https:\/\/programme.yiddish.paris\/index.php?rest_route=\/tribe\/events\/v1\/categories\/39","collection":"https:\/\/programme.yiddish.paris\/index.php?rest_route=\/tribe\/events\/v1\/categories"}}],"tags":[],"venue":[],"organizer":[],"custom_fields":[],"json_ld":{"@context":"http:\/\/schema.org","@type":"Event","name":"Le cercle de conversation du Tshaynik Caf\u00e9 fait sa rentr\u00e9e !","description":"&lt;p&gt;Lomir redn yidish ! Tous les\u00a0lundis, de 15h30 \u00e0 17h00\u00a0un groupe d\u2019irr\u00e9ductibles yiddishophones se retrouve pour papoter\u00a0af yiddish\u00a0autour d\u2019un th\u00e9 ou d\u2019un\u00a0kavele. Premi\u00e8re s\u00e9ance de la rentr\u00e9e 2026\/2027 : le &hellip; &lt;\/p&gt;\\n&lt;p class=&quot;link-more&quot;&gt;&lt;a href=&quot;https:\/\/programme.yiddish.paris\/?tribe_events=le-cercle-de-conversation-du-tshaynik-cafe-fait-sa-rentree&quot; class=&quot;more-link&quot;&gt;Continuer la lecture&lt;span class=&quot;screen-reader-text&quot;&gt; de &laquo;&nbsp;Le cercle de conversation du Tshaynik Caf\u00e9 fait sa rentr\u00e9e !&nbsp;&raquo;&lt;\/span&gt;&lt;\/a&gt;&lt;\/p&gt;\\n","image":"https:\/\/programme.yiddish.paris\/wp-content\/uploads\/2022\/09\/tshaynik-bis.png","url":"https:\/\/programme.yiddish.paris\/?tribe_events=le-cercle-de-conversation-du-tshaynik-cafe-fait-sa-rentree","eventAttendanceMode":"https:\/\/schema.org\/OfflineEventAttendanceMode","eventStatus":"https:\/\/schema.org\/EventScheduled","startDate":"2026-09-14T15:30:00+02:00","endDate":"2026-09-14T17:00:00+02:00","performer":"Organization"}}